{"id":100026,"date":"2023-12-11T19:55:42","date_gmt":"2023-12-11T19:55:42","guid":{"rendered":"https:\/\/enblancoynegro.com.mx\/?p=100026"},"modified":"2023-12-11T19:55:43","modified_gmt":"2023-12-11T19:55:43","slug":"ricky-irreconocible-vocalista-de-intocable-sorprende-con-radical-cambio-fisico","status":"publish","type":"post","link":"https:\/\/magiadigital933.com.mx\/index.php\/2023\/12\/11\/ricky-irreconocible-vocalista-de-intocable-sorprende-con-radical-cambio-fisico\/","title":{"rendered":"\u00a1Ricky, irreconocible! Vocalista de \u2018Intocable\u2019 sorprende con radical cambio f\u00edsico"},"content":{"rendered":"\n<p>Durante los conciertos de \u2018Intocable\u2019 en la Arena Monterrey como parte de la gira \u2018Evoluci\u00f3n Tour\u2019, el vocalista Ricardo Javier \u2018Ricky\u2019 Mu\u00f1oz sorprendi\u00f3 a sus seguidores con un radical cambio f\u00edsico, mostr\u00e1ndose considerablemente m\u00e1s delgado. Este cambio de imagen ya hab\u00eda generado comentarios desde junio, cuando se present\u00f3 en California.<\/p>\n\n\n\n<p>El l\u00edder de \u2018Intocable\u2019 hab\u00eda compartido previamente que estaba trabajando en su peso y hab\u00eda comenzado a hacer ejercicio en 2022. Sin embargo, su apariencia delgada volvi\u00f3 a llamar la atenci\u00f3n durante las recientes presentaciones en Monterrey.<\/p>\n\n\n\n<p>Incluso, una fotograf\u00eda compartida por el maestro de canto Fernando Rojas en Facebook mostr\u00f3 a Ricky Mu\u00f1oz durante una sesi\u00f3n de coaching vocal, destacando su p\u00e9rdida de peso y el cambio en su apariencia, incluyendo la eliminaci\u00f3n de la barba.<\/p>\n\n\n\n<figure class=\"wp-block-image size-full\"><img decoding=\"async\" src=\"https:\/\/enblancoynegro.com.mx\/wp-content\/uploads\/2023\/12\/intocable2.png\" alt=\"\" class=\"wp-image-100032\"\/><\/figure>\n\n\n\n<p>A pesar de los comentarios sobre su aspecto, las presentaciones en Monterrey marcaron el final de la gira de \u2018Intocable\u2019 en 2023, que se reanudar\u00e1 en febrero del pr\u00f3ximo a\u00f1o.<\/p>\n","protected":false},"excerpt":{"rendered":"<p>Durante los conciertos de \u2018Intocable\u2019 en la Arena Monterrey como parte de la gira \u2018Evoluci\u00f3n Tour\u2019, el vocalista Ricardo Javier \u2018Ricky\u2019 Mu\u00f1oz sorprendi\u00f3 a sus seguidores con un radical cambio f\u00edsico, mostr\u00e1ndose considerablemente m\u00e1s delgado. Este cambio de imagen ya hab\u00eda generado comentarios desde junio, cuando se present\u00f3 en California. El l\u00edder de \u2018Intocable\u2019 hab\u00eda &hellip;<\/p>\n<p class=\"read-more\"> <a class=\"\" href=\"https:\/\/magiadigital933.com.mx\/index.php\/2023\/12\/11\/ricky-irreconocible-vocalista-de-intocable-sorprende-con-radical-cambio-fisico\/\"> <span class=\"screen-reader-text\">\u00a1Ricky, irreconocible! Vocalista de \u2018Intocable\u2019 sorprende con radical cambio f\u00edsico<\/span> Leer m\u00e1s &raquo;<\/a><\/p>\n","protected":false},"author":7,"featured_media":100037,"comment_status":"closed","ping_status":"closed","sticky":false,"template":"","format":"standard","meta":{"site-sidebar-layout":"default","site-content-layout":"","ast-site-content-layout":"default","site-content-style":"default","site-sidebar-style":"default","ast-global-header-display":"","ast-banner-title-visibility":"","ast-main-header-display":"","ast-hfb-above-header-display":"","ast-hfb-below-header-display":"","ast-hfb-mobile-header-display":"","site-post-title":"","ast-breadcrumbs-content":"","ast-featured-img":"","footer-sml-layout":"","theme-transparent-header-meta":"","adv-header-id-meta":"","stick-header-meta":"","header-above-stick-meta":"","header-main-stick-meta":"","header-below-stick-meta":"","astra-migrate-meta-layouts":"set","footnotes":""},"categories":[33,36,34,35],"tags":[],"_links":{"self":[{"href":"https:\/\/magiadigital933.com.mx\/index.php\/wp-json\/wp\/v2\/posts\/100026"}],"collection":[{"href":"https:\/\/magiadigital933.com.mx\/index.php\/wp-json\/wp\/v2\/posts"}],"about":[{"href":"https:\/\/magiadigital933.com.mx\/index.php\/wp-json\/wp\/v2\/types\/post"}],"author":[{"embeddable":true,"href":"https:\/\/magiadigital933.com.mx\/index.php\/wp-json\/wp\/v2\/users\/7"}],"replies":[{"embeddable":true,"href":"https:\/\/magiadigital933.com.mx\/index.php\/wp-json\/wp\/v2\/comments?post=100026"}],"version-history":[{"count":1,"href":"https:\/\/magiadigital933.com.mx\/index.php\/wp-json\/wp\/v2\/posts\/100026\/revisions"}],"predecessor-version":[{"id":100036,"href":"https:\/\/magiadigital933.com.mx\/index.php\/wp-json\/wp\/v2\/posts\/100026\/revisions\/100036"}],"wp:featuredmedia":[{"embeddable":true,"href":"https:\/\/magiadigital933.com.mx\/index.php\/wp-json\/wp\/v2\/media\/100037"}],"wp:attachment":[{"href":"https:\/\/magiadigital933.com.mx\/index.php\/wp-json\/wp\/v2\/media?parent=100026"}],"wp:term":[{"taxonomy":"category","embeddable":true,"href":"https:\/\/magiadigital933.com.mx\/index.php\/wp-json\/wp\/v2\/categories?post=100026"},{"taxonomy":"post_tag","embeddable":true,"href":"https:\/\/magiadigital933.com.mx\/index.php\/wp-json\/wp\/v2\/tags?post=100026"}],"curies":[{"name":"wp","href":"https:\/\/api.w.org\/{rel}","templated":true}]}}