{"id":106428,"date":"2024-01-09T17:17:18","date_gmt":"2024-01-09T17:17:18","guid":{"rendered":"https:\/\/enblancoynegro.com.mx\/?p=106428"},"modified":"2024-01-09T17:25:43","modified_gmt":"2024-01-09T17:25:43","slug":"luis-angel-el-flaco-recibe-ayuda-de-la-policia-para-llegar-a-su-concierto-en-el-edomex","status":"publish","type":"post","link":"https:\/\/magiadigital933.com.mx\/index.php\/2024\/01\/09\/luis-angel-el-flaco-recibe-ayuda-de-la-policia-para-llegar-a-su-concierto-en-el-edomex\/","title":{"rendered":"Luis \u00c1ngel &#8216;El Flaco&#8217; Recibe Ayuda de la Polic\u00eda para Llegar a su Concierto en el Edomex"},"content":{"rendered":"\n<p>El cantante de regional mexicano, Luis \u00c1ngel &#8216;El Flaco&#8217;, caus\u00f3 desconcierto entre sus seguidores al compartir una fotograf\u00eda en la que aparece arriba de una patrulla de la Polic\u00eda Municipal del Estado de M\u00e9xico. La publicaci\u00f3n se volvi\u00f3 viral y sus seguidores expresaron preocupaci\u00f3n por su bienestar, solicit\u00e1ndole una explicaci\u00f3n.<\/p>\n\n\n\n<p>Despu\u00e9s de 24 horas de incertidumbre, Luis \u00c1ngel &#8216;El Flaco&#8217; aclar\u00f3 la situaci\u00f3n a trav\u00e9s de un video en el que explic\u00f3 que no se trataba de una detenci\u00f3n, sino de la colaboraci\u00f3n de la polic\u00eda para facilitar su llegada a la primera fecha de su gira en Villa Guerrero. El cami\u00f3n en el que viajaba no pod\u00eda acceder al lugar del evento debido a su altura, por lo que los elementos de la Polic\u00eda Municipal les ofrecieron amablemente transporte.<\/p>\n\n\n\n<p>El inicio de la gira marc\u00f3 la promoci\u00f3n del sencillo &#8216;Por si me adelanto&#8217;, una canci\u00f3n compuesta y grabada por Luis \u00c1ngel &#8216;El Flaco&#8217; tras la tr\u00e1gica muerte de su hija adoptiva, Mar\u00eda Fernanda, cuyo cuerpo fue rescatado de playa Cerritos, en Mazatl\u00e1n, Sinaloa, el 14 de agosto de 2023.<\/p>\n\n\n\n<p>Luis \u00c1ngel &#8216;El Flaco&#8217;, tambi\u00e9n conocido por su destacada participaci\u00f3n como vocalista en la banda Los Recoditos, es un reconocido cantante del g\u00e9nero regional mexicano. Despu\u00e9s de 13 a\u00f1os con Los Recoditos, se desvincul\u00f3 de la agrupaci\u00f3n en 2016 para emprender una exitosa carrera como solista. A lo largo de su carrera, ha lanzado varios \u00e9xitos como &#8216;Y si se quiere ir&#8217;, &#8216;Te equivocaste&#8217;, &#8216;El que te amo&#8217; y &#8216;No le hago falta&#8217;.<\/p>\n\n\n\n<p>Adem\u00e1s de su \u00e9xito musical, el artista ha enfrentado desaf\u00edos personales, como la p\u00e9rdida de su hija adoptiva en 2023, un dolor que comparti\u00f3 con sus seguidores a trav\u00e9s de las redes sociales. Luis \u00c1ngel &#8216;El Flaco&#8217; adopt\u00f3 a Mar\u00eda Fernanda despu\u00e9s de su matrimonio con Maricruz Robles, de la cual se separ\u00f3 despu\u00e9s de tener dos hijos juntos. La joven falleci\u00f3 ahogada en Playa Cerritos, Mazatl\u00e1n, siendo un golpe devastador para el cantante y su familia.<\/p>\n","protected":false},"excerpt":{"rendered":"<p>El cantante de regional mexicano, Luis \u00c1ngel &#8216;El Flaco&#8217;, caus\u00f3 desconcierto entre sus seguidores al compartir una fotograf\u00eda en la que aparece arriba de una patrulla de la Polic\u00eda Municipal del Estado de M\u00e9xico. La publicaci\u00f3n se volvi\u00f3 viral y sus seguidores expresaron preocupaci\u00f3n por su bienestar, solicit\u00e1ndole una explicaci\u00f3n. Despu\u00e9s de 24 horas de &hellip;<\/p>\n<p class=\"read-more\"> <a class=\"\" href=\"https:\/\/magiadigital933.com.mx\/index.php\/2024\/01\/09\/luis-angel-el-flaco-recibe-ayuda-de-la-policia-para-llegar-a-su-concierto-en-el-edomex\/\"> <span class=\"screen-reader-text\">Luis \u00c1ngel &#8216;El Flaco&#8217; Recibe Ayuda de la Polic\u00eda para Llegar a su Concierto en el Edomex<\/span> Leer m\u00e1s &raquo;<\/a><\/p>\n","protected":false},"author":7,"featured_media":106432,"comment_status":"closed","ping_status":"closed","sticky":false,"template":"","format":"standard","meta":{"site-sidebar-layout":"default","site-content-layout":"","ast-site-content-layout":"default","site-content-style":"default","site-sidebar-style":"default","ast-global-header-display":"","ast-banner-title-visibility":"","ast-main-header-display":"","ast-hfb-above-header-display":"","ast-hfb-below-header-display":"","ast-hfb-mobile-header-display":"","site-post-title":"","ast-breadcrumbs-content":"","ast-featured-img":"","footer-sml-layout":"","theme-transparent-header-meta":"","adv-header-id-meta":"","stick-header-meta":"","header-above-stick-meta":"","header-main-stick-meta":"","header-below-stick-meta":"","astra-migrate-meta-layouts":"set","footnotes":""},"categories":[33,36,34,35],"tags":[],"_links":{"self":[{"href":"https:\/\/magiadigital933.com.mx\/index.php\/wp-json\/wp\/v2\/posts\/106428"}],"collection":[{"href":"https:\/\/magiadigital933.com.mx\/index.php\/wp-json\/wp\/v2\/posts"}],"about":[{"href":"https:\/\/magiadigital933.com.mx\/index.php\/wp-json\/wp\/v2\/types\/post"}],"author":[{"embeddable":true,"href":"https:\/\/magiadigital933.com.mx\/index.php\/wp-json\/wp\/v2\/users\/7"}],"replies":[{"embeddable":true,"href":"https:\/\/magiadigital933.com.mx\/index.php\/wp-json\/wp\/v2\/comments?post=106428"}],"version-history":[{"count":1,"href":"https:\/\/magiadigital933.com.mx\/index.php\/wp-json\/wp\/v2\/posts\/106428\/revisions"}],"predecessor-version":[{"id":106433,"href":"https:\/\/magiadigital933.com.mx\/index.php\/wp-json\/wp\/v2\/posts\/106428\/revisions\/106433"}],"wp:featuredmedia":[{"embeddable":true,"href":"https:\/\/magiadigital933.com.mx\/index.php\/wp-json\/wp\/v2\/media\/106432"}],"wp:attachment":[{"href":"https:\/\/magiadigital933.com.mx\/index.php\/wp-json\/wp\/v2\/media?parent=106428"}],"wp:term":[{"taxonomy":"category","embeddable":true,"href":"https:\/\/magiadigital933.com.mx\/index.php\/wp-json\/wp\/v2\/categories?post=106428"},{"taxonomy":"post_tag","embeddable":true,"href":"https:\/\/magiadigital933.com.mx\/index.php\/wp-json\/wp\/v2\/tags?post=106428"}],"curies":[{"name":"wp","href":"https:\/\/api.w.org\/{rel}","templated":true}]}}