{"id":128730,"date":"2024-05-09T17:42:51","date_gmt":"2024-05-09T17:42:51","guid":{"rendered":"https:\/\/enblancoynegro.com.mx\/?p=128730"},"modified":"2024-05-09T17:42:51","modified_gmt":"2024-05-09T17:42:51","slug":"christian-nodal-borra-todas-sus-fotos-en-instagram","status":"publish","type":"post","link":"https:\/\/magiadigital933.com.mx\/index.php\/2024\/05\/09\/christian-nodal-borra-todas-sus-fotos-en-instagram\/","title":{"rendered":"Christian Nodal Borra Todas sus Fotos en Instagram"},"content":{"rendered":"\n<p>HERMOSILLO, Sonora.- El cantante sonorense de m\u00fasica regional mexicana, Christian Nodal, ha dejado a muchos de sus seguidores intrigados despu\u00e9s de eliminar nuevamente todas las fotos de su cuenta de Instagram.<\/p>\n\n\n\n<p>Este gesto, tan contundente en su apariencia, suele generar especulaciones sobre un posible nuevo comienzo en la vida del artista. Nodal se convierte r\u00e1pidamente en tema de tendencia cada vez que realiza este tipo de acciones, especialmente despu\u00e9s de su relaci\u00f3n con Belinda. La pareja estuvo en el centro de la atenci\u00f3n p\u00fablica y llegaron incluso a comprometerse, antes de que diferencias y discusiones llevaran a su separaci\u00f3n.<\/p>\n\n\n\n<p>No obstante, es importante destacar que &#8220;el forajido&#8221; ha mostrado una faceta diferente en sus redes sociales en los \u00faltimos tiempos, tanto en lo f\u00edsico como en otros aspectos de su vida personal. Anteriormente, compart\u00eda momentos con Cazz\u00fa y su hija Inti, a quien suele presentar con orgullo en internet. Nodal incluso prometi\u00f3 eliminar los tatuajes de su rostro para que su hija pudiera conocer &#8220;el verdadero rostro de su pap\u00e1&#8221;.<\/p>\n\n\n\n<figure class=\"wp-block-image size-full\"><img fetchpriority=\"high\" decoding=\"async\" width=\"712\" height=\"439\" src=\"https:\/\/magiadigital933.com.mx\/wp-content\/uploads\/2024\/05\/nobdal1.png\" alt=\"\" class=\"wp-image-128732\" srcset=\"https:\/\/magiadigital933.com.mx\/wp-content\/uploads\/2024\/05\/nobdal1.png 712w, https:\/\/magiadigital933.com.mx\/wp-content\/uploads\/2024\/05\/nobdal1-300x185.png 300w\" sizes=\"(max-width: 712px) 100vw, 712px\" \/><\/figure>\n","protected":false},"excerpt":{"rendered":"<p>HERMOSILLO, Sonora.- El cantante sonorense de m\u00fasica regional mexicana, Christian Nodal, ha dejado a muchos de sus seguidores intrigados despu\u00e9s de eliminar nuevamente todas las fotos de su cuenta de Instagram. Este gesto, tan contundente en su apariencia, suele generar especulaciones sobre un posible nuevo comienzo en la vida del artista. Nodal se convierte r\u00e1pidamente &hellip;<\/p>\n<p class=\"read-more\"> <a class=\"\" href=\"https:\/\/magiadigital933.com.mx\/index.php\/2024\/05\/09\/christian-nodal-borra-todas-sus-fotos-en-instagram\/\"> <span class=\"screen-reader-text\">Christian Nodal Borra Todas sus Fotos en Instagram<\/span> Leer m\u00e1s &raquo;<\/a><\/p>\n","protected":false},"author":7,"featured_media":128731,"comment_status":"closed","ping_status":"closed","sticky":false,"template":"","format":"standard","meta":{"site-sidebar-layout":"default","site-content-layout":"","ast-site-content-layout":"default","site-content-style":"default","site-sidebar-style":"default","ast-global-header-display":"","ast-banner-title-visibility":"","ast-main-header-display":"","ast-hfb-above-header-display":"","ast-hfb-below-header-display":"","ast-hfb-mobile-header-display":"","site-post-title":"","ast-breadcrumbs-content":"","ast-featured-img":"","footer-sml-layout":"","theme-transparent-header-meta":"","adv-header-id-meta":"","stick-header-meta":"","header-above-stick-meta":"","header-main-stick-meta":"","header-below-stick-meta":"","astra-migrate-meta-layouts":"set","footnotes":""},"categories":[33,36,34,35],"tags":[],"_links":{"self":[{"href":"https:\/\/magiadigital933.com.mx\/index.php\/wp-json\/wp\/v2\/posts\/128730"}],"collection":[{"href":"https:\/\/magiadigital933.com.mx\/index.php\/wp-json\/wp\/v2\/posts"}],"about":[{"href":"https:\/\/magiadigital933.com.mx\/index.php\/wp-json\/wp\/v2\/types\/post"}],"author":[{"embeddable":true,"href":"https:\/\/magiadigital933.com.mx\/index.php\/wp-json\/wp\/v2\/users\/7"}],"replies":[{"embeddable":true,"href":"https:\/\/magiadigital933.com.mx\/index.php\/wp-json\/wp\/v2\/comments?post=128730"}],"version-history":[{"count":1,"href":"https:\/\/magiadigital933.com.mx\/index.php\/wp-json\/wp\/v2\/posts\/128730\/revisions"}],"predecessor-version":[{"id":128733,"href":"https:\/\/magiadigital933.com.mx\/index.php\/wp-json\/wp\/v2\/posts\/128730\/revisions\/128733"}],"wp:featuredmedia":[{"embeddable":true,"href":"https:\/\/magiadigital933.com.mx\/index.php\/wp-json\/wp\/v2\/media\/128731"}],"wp:attachment":[{"href":"https:\/\/magiadigital933.com.mx\/index.php\/wp-json\/wp\/v2\/media?parent=128730"}],"wp:term":[{"taxonomy":"category","embeddable":true,"href":"https:\/\/magiadigital933.com.mx\/index.php\/wp-json\/wp\/v2\/categories?post=128730"},{"taxonomy":"post_tag","embeddable":true,"href":"https:\/\/magiadigital933.com.mx\/index.php\/wp-json\/wp\/v2\/tags?post=128730"}],"curies":[{"name":"wp","href":"https:\/\/api.w.org\/{rel}","templated":true}]}}