{"id":1644,"date":"2023-04-13T17:47:11","date_gmt":"2023-04-13T17:47:11","guid":{"rendered":"https:\/\/magiadigital933.com.mx\/?p=1644"},"modified":"2023-04-13T17:47:12","modified_gmt":"2023-04-13T17:47:12","slug":"maribel-guardia-habla-por-primera-vez-sobre-la-muerte-de-su-hijo-julian-figueroa","status":"publish","type":"post","link":"https:\/\/magiadigital933.com.mx\/index.php\/2023\/04\/13\/maribel-guardia-habla-por-primera-vez-sobre-la-muerte-de-su-hijo-julian-figueroa\/","title":{"rendered":"MARIBEL GUARDIA HABLA POR PRIMERA VEZ SOBRE LA MUERTE DE SU HIJO JULI\u00c1N FIGUEROA"},"content":{"rendered":"\n<h2 class=\"wp-block-heading\">Entre l\u00e1grimas la conductora agradeci\u00f3 el apoyo que ha recibido.<\/h2>\n\n\n\n<figure class=\"wp-block-image\"><img decoding=\"async\" src=\"https:\/\/los40mx00.epimg.net\/los40\/imagenes\/2023\/04\/13\/actualidad\/1681339164_082536_1681340010_gigante_normal.jpg\" alt=\"\"\/><\/figure>\n\n\n\n<p>Todo el mundo sigue lamentando la noticia de la muerte de\u00a0Juli\u00e1n Figueroa, el \u00fanico hijo de\u00a0Maribel Guardia y Joan Sebastian.<\/p>\n\n\n\n<p>Luego de varias hor\ufeffas de incertidumbre en donde la actriz no se comunic\u00f3 con sus amigos cercanos y no comparti\u00f3 nada de lo que estaba sucediendo en las redes sociales, por fin tom\u00f3 valor y dio una peque\u00f1a entrevista en donde cont\u00f3 a los medios de comunicaci\u00f3n que estaba sucediendo y c\u00f3mo es que se sent\u00eda.<\/p>\n\n\n\n<p><\/p>\n\n\n\n<p>Entre l\u00e1grimas, la reina de belleza se mostr\u00f3 destrozada, sumamente dolida por la muerte de su primer y \u00fanico hijo.&nbsp;<em>\u201cDios me lo dio y me lo quit\u00f3\u201d.<\/em><\/p>\n\n\n\n<figure class=\"wp-block-image size-full is-resized\"><img fetchpriority=\"high\" decoding=\"async\" src=\"https:\/\/magiadigital933.com.mx\/wp-content\/uploads\/2023\/04\/download-7.jpg\" alt=\"\" class=\"wp-image-1645\" width=\"724\" height=\"405\"\/><\/figure>\n\n\n\n<p><\/p>\n\n\n\n<p>Afuera&nbsp;\ufeffde su domicilio al sur de la Ciudad de M\u00e9xico fue que la actriz apareci\u00f3 para dar sus primeras declaraciones, estuvo acompa\u00f1ada de sus nuera&nbsp;<strong>Imelda Gar\ufeffza,<\/strong>&nbsp;quien qued\u00f3 viuda tras la tragedia.<\/p>\n\n\n\n<p><em>\u201cGracias por estar en este momento tan dif\u00edcil para nosotros\u201d<\/em>, dijo\u00a0Maribel\u00a0al borde del llanto para luego explicar que decidieron en familia cremar a su hijo para evitar una impresi\u00f3n en el peque\u00f1o Jos\u00e9 Juli\u00e1n, hijo del fallecido.<\/p>\n\n\n\n<p><\/p>\n\n\n\n<p><em>\u201cA cremar para que tambi\u00e9n el beb\u00e9 no viera su cad\u00e1ver, iba a ser muy traum\u00e1tico para \u00e9l. Necesit\u00e1bamos vivir este dolor en familia, con gente que realmente conoci\u00f3 y am\u00f3 a Juli\u00e1n. Vivir esto duelo que yo s\u00e9 que apenas est\u00e1 empezando, nos falta mucho por vivir , por recorrer\u201d,<\/em>\u00a0dijo respecto al funeral privado que se realiz\u00f3 al interior de su casa en Jardines del Pedregal.<\/p>\n\n\n\n<p>Maribel asegur\u00f3 que mediante una ceremonia religiosa pudo despedirse del cantante fallecido a los 27 a\u00f1os.&nbsp;<em>\u201cPero Dios es grande, ayer lleg\u00f3 el padre Jos\u00e9 de Jes\u00fas e hizo una misa preciosa, donde hicimos un trabajo hermoso de despedirlo, de soltarlo, he recibido tanto amor de la gente, yo s\u00e9 que varios programas le hicieron un homenaje a mi hijo, se los agradezco mucho\u201d,<\/em>&nbsp;dijo con la voz desgarrada.&nbsp;<\/p>\n\n\n\n<p><\/p>\n\n\n\n<p>Frente a los reporteros, la actriz volvi\u00f3 a lamentar la muerte de su hijo y destac\u00f3 que ahora corresponde \u201cuna gran labor\u201d, la de criar a su nieto Jos\u00e9 Juli\u00e1n.&nbsp;<em>\u201cEra mi amor, era el ni\u00f1o de mis ojos, es un momento de aprender, pero Dios me lo dio y Dios me lo quit\u00f3, lo entrego a sus manos, ten\u00eda tanto por recorrer Juli\u00e1n, estaba empezando su carrera. Ten\u00eda 500 composiciones, montaba a caballo\u2026\u201d.<\/em><\/p>\n\n\n\n<p>Vestida totalmente de negro y con gorra, le agradeci\u00f3 a su p\u00fablico las muestras de apoyo en este duro momento, con el que, reconoce, vivir\u00e1 toda su vida.<\/p>\n\n\n\n<p><\/p>\n\n\n\n<p><em>\u201cLa verdad es que la casa est\u00e1 tan linda, llena de flores, de buena energ\u00eda, de tanto cari\u00f1o de la gente, que yo no me lo esperaba la verdad, que tanta gente me mandara cosas tan lindas y me dijera cosas tan lindas. Lo agradezco y les pido a todos los que me est\u00e1n viendo que recen mucho por mi hijo, por nosotros para que podamos tener valor\u201d.<\/em><\/p>\n\n\n\n<figure class=\"wp-block-embed is-type-video is-provider-youtube wp-block-embed-youtube wp-embed-aspect-16-9 wp-has-aspect-ratio\"><div class=\"wp-block-embed__wrapper\">\n<div class=\"ast-oembed-container\" style=\"height: 100%;\"><iframe title=\"#ENTREVISTA | Maribel Guardia habla por primera vez sobre la muerte de su hijo Juli\u00e1n Figueroa\" width=\"500\" height=\"281\" src=\"https:\/\/www.youtube.com\/embed\/ArWknR5DRp8?feature=oembed\" frameborder=\"0\" allow=\"accelerometer; autoplay; clipboard-write; encrypted-media; gyroscope; picture-in-picture; web-share\" allowfullscreen><\/iframe><\/div>\n<\/div><\/figure>\n","protected":false},"excerpt":{"rendered":"<p>Entre l\u00e1grimas la conductora agradeci\u00f3 el apoyo que ha recibido. Todo el mundo sigue lamentando la noticia de la muerte de\u00a0Juli\u00e1n Figueroa, el \u00fanico hijo de\u00a0Maribel Guardia y Joan Sebastian. Luego de varias hor\ufeffas de incertidumbre en donde la actriz no se comunic\u00f3 con sus amigos cercanos y no comparti\u00f3 nada de lo que estaba &hellip;<\/p>\n<p class=\"read-more\"> <a class=\"\" href=\"https:\/\/magiadigital933.com.mx\/index.php\/2023\/04\/13\/maribel-guardia-habla-por-primera-vez-sobre-la-muerte-de-su-hijo-julian-figueroa\/\"> <span class=\"screen-reader-text\">MARIBEL GUARDIA HABLA POR PRIMERA VEZ SOBRE LA MUERTE DE SU HIJO JULI\u00c1N FIGUEROA<\/span> Leer m\u00e1s &raquo;<\/a><\/p>\n","protected":false},"author":8,"featured_media":1646,"comment_status":"closed","ping_status":"closed","sticky":false,"template":"","format":"standard","meta":{"site-sidebar-layout":"default","site-content-layout":"","ast-site-content-layout":"","site-content-style":"default","site-sidebar-style":"default","ast-global-header-display":"","ast-banner-title-visibility":"","ast-main-header-display":"","ast-hfb-above-header-display":"","ast-hfb-below-header-display":"","ast-hfb-mobile-header-display":"","site-post-title":"","ast-breadcrumbs-content":"","ast-featured-img":"","footer-sml-layout":"","theme-transparent-header-meta":"","adv-header-id-meta":"","stick-header-meta":"","header-above-stick-meta":"","header-main-stick-meta":"","header-below-stick-meta":"","astra-migrate-meta-layouts":"","footnotes":""},"categories":[33],"tags":[],"_links":{"self":[{"href":"https:\/\/magiadigital933.com.mx\/index.php\/wp-json\/wp\/v2\/posts\/1644"}],"collection":[{"href":"https:\/\/magiadigital933.com.mx\/index.php\/wp-json\/wp\/v2\/posts"}],"about":[{"href":"https:\/\/magiadigital933.com.mx\/index.php\/wp-json\/wp\/v2\/types\/post"}],"author":[{"embeddable":true,"href":"https:\/\/magiadigital933.com.mx\/index.php\/wp-json\/wp\/v2\/users\/8"}],"replies":[{"embeddable":true,"href":"https:\/\/magiadigital933.com.mx\/index.php\/wp-json\/wp\/v2\/comments?post=1644"}],"version-history":[{"count":1,"href":"https:\/\/magiadigital933.com.mx\/index.php\/wp-json\/wp\/v2\/posts\/1644\/revisions"}],"predecessor-version":[{"id":1647,"href":"https:\/\/magiadigital933.com.mx\/index.php\/wp-json\/wp\/v2\/posts\/1644\/revisions\/1647"}],"wp:featuredmedia":[{"embeddable":true,"href":"https:\/\/magiadigital933.com.mx\/index.php\/wp-json\/wp\/v2\/media\/1646"}],"wp:attachment":[{"href":"https:\/\/magiadigital933.com.mx\/index.php\/wp-json\/wp\/v2\/media?parent=1644"}],"wp:term":[{"taxonomy":"category","embeddable":true,"href":"https:\/\/magiadigital933.com.mx\/index.php\/wp-json\/wp\/v2\/categories?post=1644"},{"taxonomy":"post_tag","embeddable":true,"href":"https:\/\/magiadigital933.com.mx\/index.php\/wp-json\/wp\/v2\/tags?post=1644"}],"curies":[{"name":"wp","href":"https:\/\/api.w.org\/{rel}","templated":true}]}}