{"id":1680,"date":"2023-04-20T19:12:18","date_gmt":"2023-04-20T19:12:18","guid":{"rendered":"https:\/\/magiadigital933.com.mx\/?p=1680"},"modified":"2023-04-20T19:12:20","modified_gmt":"2023-04-20T19:12:20","slug":"video-carin-leon-se-convierte-en-el-grupero-mas-romantico-con-su-primera-cita","status":"publish","type":"post","link":"https:\/\/magiadigital933.com.mx\/index.php\/2023\/04\/20\/video-carin-leon-se-convierte-en-el-grupero-mas-romantico-con-su-primera-cita\/","title":{"rendered":"VIDEO: Carin Le\u00f3n se convierte en el grupero m\u00e1s rom\u00e1ntico con su \u201cPrimera cita\u201d"},"content":{"rendered":"\n<h2 class=\"wp-block-heading\">El cantante sonorense est\u00e1 trabajando en una de las presentaciones m\u00e1s esperadas de su carrera profesional.<\/h2>\n\n\n\n<figure class=\"wp-block-image\"><img decoding=\"async\" src=\"https:\/\/heraldodemexico.com.mx\/u\/fotografias\/m\/2023\/4\/19\/f804x452-714268_766201_0.jpg\" alt=\"El cantante est\u00e1 por presentarse por primera vez en el Auditorio Nacional\"\/><figcaption class=\"wp-element-caption\">El cantante est\u00e1 por presentarse por primera vez en el Auditorio Nacional&nbsp;Cortes\u00eda Carin Le\u00f3n<\/figcaption><\/figure>\n\n\n\n<p><strong>Carin Le\u00f3n&nbsp;<\/strong>es un fuerte cantante del g\u00e9nero regional mexicano, por lo que en pocos d\u00edas realizar\u00e1 uno de sus pr\u00f3ximos eventos en el recinto m\u00e1s ic\u00f3nico e importante de Latinoam\u00e9rica, el<strong>&nbsp;Auditorio Nacional<\/strong>, la fecha en la que el sonorense se presentar\u00e1 en el m\u00e1ximo escenario es el&nbsp;<strong>14 de mayo<\/strong>&nbsp;y ya tiene varias sorpresas preparadas como parte de su gira<strong>&nbsp;\u201cCura Local\u201d.<\/strong><\/p>\n\n\n\n<p><strong>\u00d3scar Armando D\u00edaz de Le\u00f3n Huez<\/strong>\u00a0est\u00e1 m\u00e1s que listo para llegar a la Ciudad de M\u00e9xico, ya que adem\u00e1s de las canciones m\u00e1s reconocidas de su carrera entre las que destacan<strong>\u00a0\u201cT\u00fa\u201d<\/strong>, \u201cEl t\u00f3xico\u201d, \u201cLa boda del huitlacoche\u201d, \u201cMe la avent\u00e9\u201d y \u201cTe vi con \u00e9l\u201d por mencionar algunas, tambi\u00e9n lleva las nuevas producciones que estrenar\u00e1 en los pr\u00f3ximos d\u00edas.<\/p>\n\n\n\n<p>Aunque ha estado involucrado en\u00a0algunos esc\u00e1ndalos\u00a0que tienen que ver con su vida personal,\u00a0<strong>Carin Le\u00f3n\u00a0<\/strong>no hace caso de los comentarios negativos y se enfoca en mejorar su estilo y trabajo, pues cabe destacar que tambi\u00e9n busca llegar a nuevos p\u00fablicos, por lo que en su pasada gira por\u00a0<strong>Estados Unidos<\/strong>\u00a0tambi\u00e9n realiz\u00f3 algunas piezas en ingl\u00e9s, situaci\u00f3n con la que se gan\u00f3 el reconocimiento de sus espectadores.<\/p>\n\n\n\n<figure class=\"wp-block-image\"><img decoding=\"async\" src=\"https:\/\/heraldodemexico.com.mx\/u\/fotografias\/m\/2023\/4\/19\/f768x1-714283_714410_126.jpeg\" alt=\"\"\/><figcaption class=\"wp-element-caption\">Estar\u00e1 el 14 de mayo en el Auditorio Nacional. Cortes\u00eda<\/figcaption><\/figure>\n\n\n\n<h2 class=\"wp-block-heading\">La nueva canci\u00f3n de Carin Le\u00f3n<\/h2>\n\n\n\n<p>Seg\u00fan informaci\u00f3n de la oficina de prensa de la estrella,<strong>&nbsp;\u201cPrimera Cita\u201d&nbsp;<\/strong>es una melod\u00eda con la que se muestra el derroche de pasi\u00f3n y romanticismo del momento en el que dos personas se ven e interact\u00faan por primera vez, pero sobre todo la conexi\u00f3n entre aquellos que sin conocerse crean magia.<\/p>\n\n\n\n<blockquote class=\"wp-block-quote\">\n<p>&nbsp;\u201c\u2019Primera cita\u2019 en donde nos narra una historia amorosa, llena de pasi\u00f3n, un torrente de emociones y recuerdos de principio a fin, iniciando desde la \u2018<strong>Primera Cita\u2019<\/strong>&nbsp;dejando ver todas y cada una de las etapas que se viven en este proceso. El tema ya se encuentra disponible en todas las plataformas digitales, incluyendo&nbsp;<strong>YouTube&nbsp;<\/strong>con un video oficial que narra la l\u00edrica de este sencillo\u201d, puntualizan en un comunicado.<\/p>\n<\/blockquote>\n\n\n\n<p>El int\u00e9rprete es originario de Hermosillo, Sonora tambi\u00e9n puede presumir que en su carrera ha realizado colaboraciones con otros artistas de la talla de\u00a0<strong>C. Tangana<\/strong>,\u00a0Grupo Frontera,<strong>\u00a0Grupo Firm<\/strong>e, Matisse,\u00a0<strong>Ed\u00e9n Mu\u00f1oz<\/strong>, Carlos Rivera, Mau y Ricky y Piso 21 por mencionar algunos con los que sui voz se ha fusionado.<\/p>\n\n\n\n<h2 class=\"wp-block-heading\">La letra de la nueva canci\u00f3n<\/h2>\n\n\n\n<blockquote class=\"wp-block-quote\">\n<p>\u201cT\u00fa me viste al principio, fue una broma<br>Luego la verdad se asoma<br>Intercambiamos sonrisas<br>Pas\u00f3 alg\u00fan tiempo, poco menos de una hora<br>Y por debajo la mesa, tu tac\u00f3n toco mi bota<br><br>Fue m\u00e1s sencillo que hacer la tabla del uno<br>Y a la hora del desayuno, ya sab\u00eda que te amaba<br>A las semanas de iniciar con la aventura, se nos hizo miel la luna<br>Y un concierto pa&#8217; Tijuana<br>Era prohibido, era sencillo<br>Pero hicimos lo que se nos dio la gana<br><br>Despu\u00e9s de eso, nos ve\u00edamos casi a diario<br>Nuestro amigo el calendario<br>Nos dio 400 citas<br><br>De tanto amarnos, nos volvimos dos extra\u00f1os<br>No se qui\u00e9n tom\u00f3 hoy tu mano<br>Ni t\u00fa d\u00f3nde estoy ahorita<\/p>\n\n\n\n<p><br>Fue m\u00e1s sencillo que hacer la tabla del uno<br>Y a la hora del desayuno, ya sab\u00eda que te amaba<br>A las semanas de iniciar con la aventura, se nos hizo miel la luna<br>Y un concierto pa\u2019 Tijuana<br>Era prohibido, era sencillo<br>Pero hicimos lo que se nos dio la gana<br><br>Pasando el trauma<br>Analizando la ruptura<br>La versi\u00f3n que tiene el lobo no es la Caperucita<br><br>De tanto amarnos, nos volvimos dos extra\u00f1os<br>No s\u00e9 qui\u00e9n tom\u00f3 hoy tu mano<br>Ni t\u00fa d\u00f3nde estoy ahorita<br>Seguramente, para otra que nos veamos<br>Repitamos lo de la primera cita\u201d<\/p>\n<\/blockquote>\n\n\n\n<figure class=\"wp-block-embed is-type-video is-provider-youtube wp-block-embed-youtube wp-embed-aspect-16-9 wp-has-aspect-ratio\"><div class=\"wp-block-embed__wrapper\">\n<div class=\"ast-oembed-container\" style=\"height: 100%;\"><iframe title=\"Primera cita - Carin Leon (letra)\" width=\"500\" height=\"281\" src=\"https:\/\/www.youtube.com\/embed\/IXHOT0GQ4HY?feature=oembed\" frameborder=\"0\" allow=\"accelerometer; autoplay; clipboard-write; encrypted-media; gyroscope; picture-in-picture; web-share\" allowfullscreen><\/iframe><\/div>\n<\/div><\/figure>\n","protected":false},"excerpt":{"rendered":"<p>El cantante sonorense est\u00e1 trabajando en una de las presentaciones m\u00e1s esperadas de su carrera profesional. Carin Le\u00f3n&nbsp;es un fuerte cantante del g\u00e9nero regional mexicano, por lo que en pocos d\u00edas realizar\u00e1 uno de sus pr\u00f3ximos eventos en el recinto m\u00e1s ic\u00f3nico e importante de Latinoam\u00e9rica, el&nbsp;Auditorio Nacional, la fecha en la que el sonorense &hellip;<\/p>\n<p class=\"read-more\"> <a class=\"\" href=\"https:\/\/magiadigital933.com.mx\/index.php\/2023\/04\/20\/video-carin-leon-se-convierte-en-el-grupero-mas-romantico-con-su-primera-cita\/\"> <span class=\"screen-reader-text\">VIDEO: Carin Le\u00f3n se convierte en el grupero m\u00e1s rom\u00e1ntico con su \u201cPrimera cita\u201d<\/span> Leer m\u00e1s &raquo;<\/a><\/p>\n","protected":false},"author":8,"featured_media":1681,"comment_status":"closed","ping_status":"closed","sticky":false,"template":"","format":"standard","meta":{"site-sidebar-layout":"default","site-content-layout":"","ast-site-content-layout":"","site-content-style":"default","site-sidebar-style":"default","ast-global-header-display":"","ast-banner-title-visibility":"","ast-main-header-display":"","ast-hfb-above-header-display":"","ast-hfb-below-header-display":"","ast-hfb-mobile-header-display":"","site-post-title":"","ast-breadcrumbs-content":"","ast-featured-img":"","footer-sml-layout":"","theme-transparent-header-meta":"","adv-header-id-meta":"","stick-header-meta":"","header-above-stick-meta":"","header-main-stick-meta":"","header-below-stick-meta":"","astra-migrate-meta-layouts":"","footnotes":""},"categories":[33],"tags":[],"_links":{"self":[{"href":"https:\/\/magiadigital933.com.mx\/index.php\/wp-json\/wp\/v2\/posts\/1680"}],"collection":[{"href":"https:\/\/magiadigital933.com.mx\/index.php\/wp-json\/wp\/v2\/posts"}],"about":[{"href":"https:\/\/magiadigital933.com.mx\/index.php\/wp-json\/wp\/v2\/types\/post"}],"author":[{"embeddable":true,"href":"https:\/\/magiadigital933.com.mx\/index.php\/wp-json\/wp\/v2\/users\/8"}],"replies":[{"embeddable":true,"href":"https:\/\/magiadigital933.com.mx\/index.php\/wp-json\/wp\/v2\/comments?post=1680"}],"version-history":[{"count":1,"href":"https:\/\/magiadigital933.com.mx\/index.php\/wp-json\/wp\/v2\/posts\/1680\/revisions"}],"predecessor-version":[{"id":1682,"href":"https:\/\/magiadigital933.com.mx\/index.php\/wp-json\/wp\/v2\/posts\/1680\/revisions\/1682"}],"wp:featuredmedia":[{"embeddable":true,"href":"https:\/\/magiadigital933.com.mx\/index.php\/wp-json\/wp\/v2\/media\/1681"}],"wp:attachment":[{"href":"https:\/\/magiadigital933.com.mx\/index.php\/wp-json\/wp\/v2\/media?parent=1680"}],"wp:term":[{"taxonomy":"category","embeddable":true,"href":"https:\/\/magiadigital933.com.mx\/index.php\/wp-json\/wp\/v2\/categories?post=1680"},{"taxonomy":"post_tag","embeddable":true,"href":"https:\/\/magiadigital933.com.mx\/index.php\/wp-json\/wp\/v2\/tags?post=1680"}],"curies":[{"name":"wp","href":"https:\/\/api.w.org\/{rel}","templated":true}]}}