{"id":1698,"date":"2023-04-24T19:53:19","date_gmt":"2023-04-24T19:53:19","guid":{"rendered":"https:\/\/magiadigital933.com.mx\/?p=1698"},"modified":"2023-04-24T19:53:19","modified_gmt":"2023-04-24T19:53:19","slug":"bad-bunny-homenajeo-a-shakira-durante-su-presentacion-en-coachella","status":"publish","type":"post","link":"https:\/\/magiadigital933.com.mx\/index.php\/2023\/04\/24\/bad-bunny-homenajeo-a-shakira-durante-su-presentacion-en-coachella\/","title":{"rendered":"Bad Bunny homenaje\u00f3 a Shakira durante su presentaci\u00f3n en Coachella"},"content":{"rendered":"\n<p>El puertorrique\u00f1o se convirti\u00f3 en el primer artista latino de la historia en abrir una jornada del prestigioso festival&nbsp;desde que se inaugurara en 1999.<\/p>\n\n\n\n<p>La noche del pasado viernes 22 de abril inici\u00f3 el segundo fin de semana de Coachella, un festival de m\u00fasica y arte que reune a much\u00edsimos artistas de gran nivel en el escenario, pero que tambi\u00e9n se ha destacado por ser frecuentado por reconocidas personalidades en el p\u00fablico.<\/p>\n\n\n\n<h2 class=\"wp-block-heading\">El colombiano Jordan D\u00edaz, uno de los pupilos de Bad Bunny<\/h2>\n\n\n\n<p><\/p>\n\n\n\n<p>Entre la poderosa lista de cantantes que reuni\u00f3 el evento en su versi\u00f3n 2023, se encuentra la estrella de reguet\u00f3n del momento,<strong>&nbsp;Bad Bunny<\/strong>, el cual hizo historia al convertirse en el primer artista latino en abrir una jornada del prestigioso festival realizado en&nbsp;<strong>Colorado, Estados Unidos.&nbsp;<\/strong><\/p>\n\n\n\n<p>Precisamente &#8216;el Conejo Malo&#8217; volvi\u00f3 a ser noticia en Colombia luego de que se rumorara que ser\u00eda uno de los invitados al\u00a0<strong>Festival de la Leyenda Vallenata<\/strong>\u00a0y finalmente terminara rechazando la oferta,\u00a0<strong>pero esta vez por algo positivo<\/strong>\u00a0al elogiar a una de las figuras musicales m\u00e1s fuertes del pa\u00eds.<\/p>\n\n\n\n<h2 class=\"wp-block-heading\">Video: as\u00ed fue el beso de Becky G y Natti Natasha en Coachella 2023<\/h2>\n\n\n\n<p>Durante el acto de apertura del cuarto d\u00eda de m\u00fasica en Coachella, el artista puertorrique\u00f1o decidi\u00f3 resaltar sus raizes musicales mostrando en las pantallas del gran escenario, a artistas de la salsa como&nbsp;<strong>H\u00e9ctor Lavoe, Tito Puente y Celia Cruz<\/strong>, que se\u00f1al\u00f3 lo inspiraron a hacer m\u00fasica.<\/p>\n\n\n\n<p>Sin embargo, tambi\u00e9n quiso hacer un homenaje a los precursores del g\u00e9nero musical del que \u00e9l es representante, por lo que porcedi\u00f3 a mostrarle a la multitud las figuras de&nbsp;<strong>Daddy Yankee, Ivy Queen y Tego Calder\u00f3n.&nbsp;<\/strong><\/p>\n\n\n\n<h2 class=\"wp-block-heading\">\u201cOrgullosa de ti en Coachella, Karol G\u201d: Shakira<\/h2>\n\n\n\n<p>Pero eso no fue todo, el int\u00e9rprete de &#8216;Me Porto Bonito&#8217; no se olvid\u00f3 de los artistas que ponen el alto la escencia de ser latino al rededor del mundo y comparti\u00f3 retratos de autores del peso de Soda Estereo, Selena, Vicente Fern\u00e1ndez, Celia Cruz y estrellas m\u00e1s actuales como Romeo Santos, Thal\u00eda, Maluma&nbsp;<strong>y la barranquillera Shakira.&nbsp;<\/strong><\/p>\n\n\n\n<p>Tras el homenaje, las redes sociales explotaron con comentarios positivos para\u00a0<strong>Bad Bunny,<\/strong>\u00a0entre ellos los hechos por perfiles de seguidores de Shakira, los cuales lograron captar el momento en el que su imagen se adue\u00f1\u00f3 de la vista de todos los asistentes a Coachella.\u00a0\u00a0<\/p>\n\n\n\n<figure class=\"wp-block-embed is-type-rich is-provider-twitter wp-block-embed-twitter\"><div class=\"wp-block-embed__wrapper\">\n<blockquote class=\"twitter-tweet\" data-width=\"500\" data-dnt=\"true\"><p lang=\"es\" dir=\"ltr\">Bad Bunny en su presentaci\u00f3n de Coachella rindiendole homenaje a la m\u00fasica latina incluyendo obviamente a la reina Shakira \ud83d\udc51 <a href=\"https:\/\/t.co\/oVjNm2MvSl\">pic.twitter.com\/oVjNm2MvSl<\/a><\/p>&mdash; ChartsData\/Shak (@Chartsdata_shak) <a href=\"https:\/\/twitter.com\/Chartsdata_shak\/status\/1649809207800020992?ref_src=twsrc%5Etfw\">April 22, 2023<\/a><\/blockquote><script async src=\"https:\/\/platform.twitter.com\/widgets.js\" charset=\"utf-8\"><\/script>\n<\/div><\/figure>\n\n\n\n<figure class=\"wp-block-image size-full is-resized\"><img fetchpriority=\"high\" decoding=\"async\" src=\"https:\/\/magiadigital933.com.mx\/wp-content\/uploads\/2023\/04\/image-2.jpeg\" alt=\"\" class=\"wp-image-1699\" width=\"557\" height=\"371\"\/><\/figure>\n","protected":false},"excerpt":{"rendered":"<p>El puertorrique\u00f1o se convirti\u00f3 en el primer artista latino de la historia en abrir una jornada del prestigioso festival&nbsp;desde que se inaugurara en 1999. La noche del pasado viernes 22 de abril inici\u00f3 el segundo fin de semana de Coachella, un festival de m\u00fasica y arte que reune a much\u00edsimos artistas de gran nivel en &hellip;<\/p>\n<p class=\"read-more\"> <a class=\"\" href=\"https:\/\/magiadigital933.com.mx\/index.php\/2023\/04\/24\/bad-bunny-homenajeo-a-shakira-durante-su-presentacion-en-coachella\/\"> <span class=\"screen-reader-text\">Bad Bunny homenaje\u00f3 a Shakira durante su presentaci\u00f3n en Coachella<\/span> Leer m\u00e1s &raquo;<\/a><\/p>\n","protected":false},"author":8,"featured_media":1700,"comment_status":"closed","ping_status":"closed","sticky":false,"template":"","format":"standard","meta":{"site-sidebar-layout":"default","site-content-layout":"","ast-site-content-layout":"","site-content-style":"default","site-sidebar-style":"default","ast-global-header-display":"","ast-banner-title-visibility":"","ast-main-header-display":"","ast-hfb-above-header-display":"","ast-hfb-below-header-display":"","ast-hfb-mobile-header-display":"","site-post-title":"","ast-breadcrumbs-content":"","ast-featured-img":"","footer-sml-layout":"","theme-transparent-header-meta":"","adv-header-id-meta":"","stick-header-meta":"","header-above-stick-meta":"","header-main-stick-meta":"","header-below-stick-meta":"","astra-migrate-meta-layouts":"","footnotes":""},"categories":[33],"tags":[],"_links":{"self":[{"href":"https:\/\/magiadigital933.com.mx\/index.php\/wp-json\/wp\/v2\/posts\/1698"}],"collection":[{"href":"https:\/\/magiadigital933.com.mx\/index.php\/wp-json\/wp\/v2\/posts"}],"about":[{"href":"https:\/\/magiadigital933.com.mx\/index.php\/wp-json\/wp\/v2\/types\/post"}],"author":[{"embeddable":true,"href":"https:\/\/magiadigital933.com.mx\/index.php\/wp-json\/wp\/v2\/users\/8"}],"replies":[{"embeddable":true,"href":"https:\/\/magiadigital933.com.mx\/index.php\/wp-json\/wp\/v2\/comments?post=1698"}],"version-history":[{"count":1,"href":"https:\/\/magiadigital933.com.mx\/index.php\/wp-json\/wp\/v2\/posts\/1698\/revisions"}],"predecessor-version":[{"id":1701,"href":"https:\/\/magiadigital933.com.mx\/index.php\/wp-json\/wp\/v2\/posts\/1698\/revisions\/1701"}],"wp:featuredmedia":[{"embeddable":true,"href":"https:\/\/magiadigital933.com.mx\/index.php\/wp-json\/wp\/v2\/media\/1700"}],"wp:attachment":[{"href":"https:\/\/magiadigital933.com.mx\/index.php\/wp-json\/wp\/v2\/media?parent=1698"}],"wp:term":[{"taxonomy":"category","embeddable":true,"href":"https:\/\/magiadigital933.com.mx\/index.php\/wp-json\/wp\/v2\/categories?post=1698"},{"taxonomy":"post_tag","embeddable":true,"href":"https:\/\/magiadigital933.com.mx\/index.php\/wp-json\/wp\/v2\/tags?post=1698"}],"curies":[{"name":"wp","href":"https:\/\/api.w.org\/{rel}","templated":true}]}}