{"id":1705,"date":"2023-04-24T23:29:34","date_gmt":"2023-04-24T23:29:34","guid":{"rendered":"https:\/\/magiadigital933.com.mx\/?p=1705"},"modified":"2023-04-24T23:29:35","modified_gmt":"2023-04-24T23:29:35","slug":"christian-nodal-anuncia-colaboracion-con-residente-tiradera","status":"publish","type":"post","link":"https:\/\/magiadigital933.com.mx\/index.php\/2023\/04\/24\/christian-nodal-anuncia-colaboracion-con-residente-tiradera\/","title":{"rendered":"Christian Nodal Anuncia Colaboraci\u00f3n Con Residente, \u00bfTiradera?"},"content":{"rendered":"\n<p><strong>Christian Nodal<\/strong>&nbsp;sigue sumando \u00e9xitos como cantante del&nbsp;<strong>Regional Mexicano<\/strong>&nbsp;y en medio de la noticia del beb\u00e9 que espera con&nbsp;<strong>Cazzu<\/strong>&nbsp;revivi\u00f3 una pol\u00e9mica.<\/p>\n\n\n\n<p>Anunci\u00f3 su colaboraci\u00f3n con&nbsp;<strong>Residente<\/strong>&nbsp;quien no dud\u00f3 en apoyarlo en medio de la pelea que protagoniz\u00f3 con&nbsp;<strong>J Balvin<\/strong>&nbsp;en redes sociales por la que surgi\u00f3 una nueva tiradera.<\/p>\n\n\n\n<p>Fue durante su debut como comentarista deportivo en la pelea de&nbsp;<strong>Ryan Garc\u00eda<\/strong>&nbsp;contra&nbsp;<strong>Gervonta<\/strong>&nbsp;<strong>Davis<\/strong>&nbsp;el pasado 22 de abril, cuando el int\u00e9rprete de&nbsp;<strong>\u201cBotella Tras Botella\u201d<\/strong>&nbsp;se\u00f1al\u00f3 que ya prepara el lanzamiento de su pr\u00f3ximo sencillo.<\/p>\n\n\n\n<figure class=\"wp-block-image\"><img decoding=\"async\" src=\"https:\/\/www.saps.com.mx\/wp-content\/uploads\/2023\/04\/Christian-Nodal-anuncia-colaboracion-con-Residente-Tiradera-1024x576.jpg\" alt=\"Christian Nodal anuncia colaboraci\u00f3n con Residente, \u00bfTiradera?\" class=\"wp-image-113528\"\/><\/figure>\n\n\n\n<p>El cual llevar\u00e1 por nombre&nbsp;<strong>\u201cQu\u00e9date\u201d,<\/strong>&nbsp;que formar\u00e1 parte de un \u00e1lbum en el que se incluye la colaboraci\u00f3n con Residente.<\/p>\n\n\n\n<blockquote class=\"wp-block-quote\">\n<p><em>\u201cMe ha tocado trabajar con muchos artistas que respeto, ahora con Residente se viene algo\u201d.<\/em>Dijo Nodal durante su participaci\u00f3n<\/p>\n<\/blockquote>\n\n\n\n<p>Esto sucedi\u00f3 en el panel junto a los comentaristas&nbsp;<strong>Gabriel<\/strong>&nbsp;<strong>Rosado<\/strong>&nbsp;y&nbsp;<strong>Bektemir<\/strong>&nbsp;<strong>Melikuziev<\/strong>&nbsp;de&nbsp;<strong>ESPN<\/strong>, algo que tambi\u00e9n dijo era un sue\u00f1o hecho realidad debido a que tanto \u00e9l como su padre eran fan\u00e1ticos del deporte.<\/p>\n\n\n\n<p>El conflicto entre los cantantes ocurri\u00f3 en junio de 2022, tan s\u00f3lo unos meses despu\u00e9s de que\u00a0<strong>Christian Nodal<\/strong>\u00a0anunciara el fin de su compromiso con\u00a0<strong>Belinda.<\/strong><\/p>\n\n\n\n<p>Cuando el cantante sorprend\u00eda a sus seguidores con importantes cambios de look, adem\u00e1s de nuevos tatuajes que cubrieron aquellos que se hizo en honor a la cantante.<\/p>\n\n\n\n<p>Cabe resaltar que ese mensaje de&nbsp;<strong>J Balvin<\/strong>&nbsp;fue acompa\u00f1ado de una fotograf\u00eda compartida en su cuenta de Instagram con la que comenz\u00f3 todo, pues la voz de&nbsp;<strong>\u201cYa No Somos Ni Seremos\u201d&nbsp;<\/strong>lo tom\u00f3 como una burla.<\/p>\n\n\n\n<figure class=\"wp-block-embed is-type-video is-provider-youtube wp-block-embed-youtube wp-embed-aspect-16-9 wp-has-aspect-ratio\"><div class=\"wp-block-embed__wrapper\">\n<div class=\"ast-oembed-container\" style=\"height: 100%;\"><iframe title=\"\u00bfChristian Nodal le pedir\u00e1 matrimonio a su novia\u00a0Cazzu?\" width=\"500\" height=\"281\" src=\"https:\/\/www.youtube.com\/embed\/sUu510BIB1E?feature=oembed\" frameborder=\"0\" allow=\"accelerometer; autoplay; clipboard-write; encrypted-media; gyroscope; picture-in-picture; web-share\" allowfullscreen><\/iframe><\/div>\n<\/div><\/figure>\n","protected":false},"excerpt":{"rendered":"<p>Christian Nodal&nbsp;sigue sumando \u00e9xitos como cantante del&nbsp;Regional Mexicano&nbsp;y en medio de la noticia del beb\u00e9 que espera con&nbsp;Cazzu&nbsp;revivi\u00f3 una pol\u00e9mica. Anunci\u00f3 su colaboraci\u00f3n con&nbsp;Residente&nbsp;quien no dud\u00f3 en apoyarlo en medio de la pelea que protagoniz\u00f3 con&nbsp;J Balvin&nbsp;en redes sociales por la que surgi\u00f3 una nueva tiradera. Fue durante su debut como comentarista deportivo en la &hellip;<\/p>\n<p class=\"read-more\"> <a class=\"\" href=\"https:\/\/magiadigital933.com.mx\/index.php\/2023\/04\/24\/christian-nodal-anuncia-colaboracion-con-residente-tiradera\/\"> <span class=\"screen-reader-text\">Christian Nodal Anuncia Colaboraci\u00f3n Con Residente, \u00bfTiradera?<\/span> Leer m\u00e1s &raquo;<\/a><\/p>\n","protected":false},"author":8,"featured_media":1706,"comment_status":"closed","ping_status":"closed","sticky":false,"template":"","format":"standard","meta":{"site-sidebar-layout":"default","site-content-layout":"","ast-site-content-layout":"","site-content-style":"default","site-sidebar-style":"default","ast-global-header-display":"","ast-banner-title-visibility":"","ast-main-header-display":"","ast-hfb-above-header-display":"","ast-hfb-below-header-display":"","ast-hfb-mobile-header-display":"","site-post-title":"","ast-breadcrumbs-content":"","ast-featured-img":"","footer-sml-layout":"","theme-transparent-header-meta":"","adv-header-id-meta":"","stick-header-meta":"","header-above-stick-meta":"","header-main-stick-meta":"","header-below-stick-meta":"","astra-migrate-meta-layouts":"","footnotes":""},"categories":[33],"tags":[],"_links":{"self":[{"href":"https:\/\/magiadigital933.com.mx\/index.php\/wp-json\/wp\/v2\/posts\/1705"}],"collection":[{"href":"https:\/\/magiadigital933.com.mx\/index.php\/wp-json\/wp\/v2\/posts"}],"about":[{"href":"https:\/\/magiadigital933.com.mx\/index.php\/wp-json\/wp\/v2\/types\/post"}],"author":[{"embeddable":true,"href":"https:\/\/magiadigital933.com.mx\/index.php\/wp-json\/wp\/v2\/users\/8"}],"replies":[{"embeddable":true,"href":"https:\/\/magiadigital933.com.mx\/index.php\/wp-json\/wp\/v2\/comments?post=1705"}],"version-history":[{"count":1,"href":"https:\/\/magiadigital933.com.mx\/index.php\/wp-json\/wp\/v2\/posts\/1705\/revisions"}],"predecessor-version":[{"id":1707,"href":"https:\/\/magiadigital933.com.mx\/index.php\/wp-json\/wp\/v2\/posts\/1705\/revisions\/1707"}],"wp:featuredmedia":[{"embeddable":true,"href":"https:\/\/magiadigital933.com.mx\/index.php\/wp-json\/wp\/v2\/media\/1706"}],"wp:attachment":[{"href":"https:\/\/magiadigital933.com.mx\/index.php\/wp-json\/wp\/v2\/media?parent=1705"}],"wp:term":[{"taxonomy":"category","embeddable":true,"href":"https:\/\/magiadigital933.com.mx\/index.php\/wp-json\/wp\/v2\/categories?post=1705"},{"taxonomy":"post_tag","embeddable":true,"href":"https:\/\/magiadigital933.com.mx\/index.php\/wp-json\/wp\/v2\/tags?post=1705"}],"curies":[{"name":"wp","href":"https:\/\/api.w.org\/{rel}","templated":true}]}}