{"id":1718,"date":"2023-04-25T18:09:02","date_gmt":"2023-04-25T18:09:02","guid":{"rendered":"https:\/\/magiadigital933.com.mx\/?p=1718"},"modified":"2023-04-25T18:09:03","modified_gmt":"2023-04-25T18:09:03","slug":"mario-domm-fue-hospitalizado-y-cantante-explica-que-le-paso","status":"publish","type":"post","link":"https:\/\/magiadigital933.com.mx\/index.php\/2023\/04\/25\/mario-domm-fue-hospitalizado-y-cantante-explica-que-le-paso\/","title":{"rendered":"Mario Domm fue hospitalizado y cantante explica qu\u00e9 le pas\u00f3"},"content":{"rendered":"\n<h2 class=\"wp-block-heading\">El integrante de Camila termin\u00f3 en el hospital y cont\u00f3 a sus fans por medio de un video qu\u00e9 fue lo que le sucedi\u00f3.<\/h2>\n\n\n\n<figure class=\"wp-block-image size-full is-resized\"><img fetchpriority=\"high\" decoding=\"async\" src=\"https:\/\/magiadigital933.com.mx\/wp-content\/uploads\/2023\/04\/image-4.jpeg\" alt=\"\" class=\"wp-image-1719\" width=\"555\" height=\"345\"\/><\/figure>\n\n\n\n<p>Mario Domm, integrante de Camila, hace unas horas preocup\u00f3 a sus fans debido a que por medio de redes sociales comenz\u00f3 a circular una foto en donde se ve que est\u00e1 en una cama de hospital, por lo que de inmediato prendi\u00f3 las alarmas.<\/p>\n\n\n\n<p>En la imagen, Mario Domm est\u00e1 acostado en una cama de hospital y se alcanza a ver que conectado a un aparato para as\u00ed poder checar sus signos vitales, adem\u00e1s que tiene el pecho descubierto.<br><\/p>\n\n\n\n<p>En la foto, que al parecer fue tomada en un hospital de Estados Unidos, el cantante est\u00e1 dormido y aunque parece estar tranquilo, la imagen no tard\u00f3 en volverse viral y as\u00ed alertan a miles de personas que siguen la carrera del famoso.<\/p>\n\n\n\n<p><br><\/p>\n\n\n\n<p>Ante la preocupaci\u00f3n de miles de personas, horas despu\u00e9s Mario Domm apareci\u00f3 en Instagram y por medio de sus historias comparti\u00f3 un video en el que agradeci\u00f3 a todos los que se preocuparon por \u00e9l.<\/p>\n\n\n\n<p>\u201cAmigos que hoy se preocuparon por m\u00ed. Decirles que estoy bien, que me siento bien. Tuve un d\u00eda en el hospital\u201d.<br>Finalmente, el integrante de Camila, que hace poco estren\u00f3 una canci\u00f3n con Samo lo que hizo el reencuentro de los tres m\u00fasicos oficial, dijo que solamente estuvo hospitalizado un d\u00eda y que esto se debi\u00f3 por cansancio extremo.<\/p>\n\n\n\n<p>\u201cEl doctor dice que fue cansancio extremo, pero en realidad me siento bien. Nada m\u00e1s decirles que estoy perfecto, listo para lo que sigue, mejor que nunca. Les mando un fuerte abrazo y los quiero mucho chicos\u201d.<br>Hasta el momento Mario Domm no ha dado otra actualizaci\u00f3n sobre su estado de salud, sin embargo, el video que comparti\u00f3 en redes sociales sin duda hizo que sus fans se tranquilizaran un poco al saber que lo que tiene el cantante no es tan alarmante como cre\u00edan.<br><\/p>\n\n\n\n<figure class=\"wp-block-embed is-type-rich is-provider-twitter wp-block-embed-twitter\"><div class=\"wp-block-embed__wrapper\">\n<blockquote class=\"twitter-tweet\" data-width=\"500\" data-dnt=\"true\"><p lang=\"es\" dir=\"ltr\">Mario Domm aclara por qu\u00e9 fue hospitalizado <a href=\"https:\/\/t.co\/18AgCtjNLs\">pic.twitter.com\/18AgCtjNLs<\/a><\/p>&mdash; Lo + viral (@VideosVirales69) <a href=\"https:\/\/twitter.com\/VideosVirales69\/status\/1650857932844834818?ref_src=twsrc%5Etfw\">April 25, 2023<\/a><\/blockquote><script async src=\"https:\/\/platform.twitter.com\/widgets.js\" charset=\"utf-8\"><\/script>\n<\/div><\/figure>\n","protected":false},"excerpt":{"rendered":"<p>El integrante de Camila termin\u00f3 en el hospital y cont\u00f3 a sus fans por medio de un video qu\u00e9 fue lo que le sucedi\u00f3. Mario Domm, integrante de Camila, hace unas horas preocup\u00f3 a sus fans debido a que por medio de redes sociales comenz\u00f3 a circular una foto en donde se ve que est\u00e1 &hellip;<\/p>\n<p class=\"read-more\"> <a class=\"\" href=\"https:\/\/magiadigital933.com.mx\/index.php\/2023\/04\/25\/mario-domm-fue-hospitalizado-y-cantante-explica-que-le-paso\/\"> <span class=\"screen-reader-text\">Mario Domm fue hospitalizado y cantante explica qu\u00e9 le pas\u00f3<\/span> Leer m\u00e1s &raquo;<\/a><\/p>\n","protected":false},"author":8,"featured_media":1720,"comment_status":"closed","ping_status":"closed","sticky":false,"template":"","format":"standard","meta":{"site-sidebar-layout":"default","site-content-layout":"","ast-site-content-layout":"","site-content-style":"default","site-sidebar-style":"default","ast-global-header-display":"","ast-banner-title-visibility":"","ast-main-header-display":"","ast-hfb-above-header-display":"","ast-hfb-below-header-display":"","ast-hfb-mobile-header-display":"","site-post-title":"","ast-breadcrumbs-content":"","ast-featured-img":"","footer-sml-layout":"","theme-transparent-header-meta":"","adv-header-id-meta":"","stick-header-meta":"","header-above-stick-meta":"","header-main-stick-meta":"","header-below-stick-meta":"","astra-migrate-meta-layouts":"","footnotes":""},"categories":[33],"tags":[],"_links":{"self":[{"href":"https:\/\/magiadigital933.com.mx\/index.php\/wp-json\/wp\/v2\/posts\/1718"}],"collection":[{"href":"https:\/\/magiadigital933.com.mx\/index.php\/wp-json\/wp\/v2\/posts"}],"about":[{"href":"https:\/\/magiadigital933.com.mx\/index.php\/wp-json\/wp\/v2\/types\/post"}],"author":[{"embeddable":true,"href":"https:\/\/magiadigital933.com.mx\/index.php\/wp-json\/wp\/v2\/users\/8"}],"replies":[{"embeddable":true,"href":"https:\/\/magiadigital933.com.mx\/index.php\/wp-json\/wp\/v2\/comments?post=1718"}],"version-history":[{"count":1,"href":"https:\/\/magiadigital933.com.mx\/index.php\/wp-json\/wp\/v2\/posts\/1718\/revisions"}],"predecessor-version":[{"id":1721,"href":"https:\/\/magiadigital933.com.mx\/index.php\/wp-json\/wp\/v2\/posts\/1718\/revisions\/1721"}],"wp:featuredmedia":[{"embeddable":true,"href":"https:\/\/magiadigital933.com.mx\/index.php\/wp-json\/wp\/v2\/media\/1720"}],"wp:attachment":[{"href":"https:\/\/magiadigital933.com.mx\/index.php\/wp-json\/wp\/v2\/media?parent=1718"}],"wp:term":[{"taxonomy":"category","embeddable":true,"href":"https:\/\/magiadigital933.com.mx\/index.php\/wp-json\/wp\/v2\/categories?post=1718"},{"taxonomy":"post_tag","embeddable":true,"href":"https:\/\/magiadigital933.com.mx\/index.php\/wp-json\/wp\/v2\/tags?post=1718"}],"curies":[{"name":"wp","href":"https:\/\/api.w.org\/{rel}","templated":true}]}}