{"id":1863,"date":"2023-04-27T19:21:46","date_gmt":"2023-04-27T19:21:46","guid":{"rendered":"https:\/\/magiadigital933.com.mx\/?p=1863"},"modified":"2023-04-27T19:21:48","modified_gmt":"2023-04-27T19:21:48","slug":"tego-calderon-regresa-de-la-jubilacion-para-lanzar-su-cancion-la-receta","status":"publish","type":"post","link":"https:\/\/magiadigital933.com.mx\/index.php\/2023\/04\/27\/tego-calderon-regresa-de-la-jubilacion-para-lanzar-su-cancion-la-receta\/","title":{"rendered":"Tego Calder\u00f3n regresa de la jubilaci\u00f3n para lanzar su canci\u00f3n &#8216;La Receta&#8217;"},"content":{"rendered":"\n<p>Su \u00faltimo lanzamiento musical fue hace 6 a\u00f1os<\/p>\n\n\n\n<figure class=\"wp-block-image\"><img decoding=\"async\" src=\"https:\/\/portal.andina.pe\/EDPfotografia2\/Thumbnail\/2010\/11\/08\/000140246W.jpg\" alt=\"Tego Calder\u00f3n viene con toda su bater\u00eda y nuevo disco de corte social |  Noticias | Agencia Peruana de Noticias Andina\"\/><\/figure>\n\n\n\n<h2 class=\"wp-block-heading\" id=\"p763107-m1519-1518-1520\">Despu\u00e9s de 6 a\u00f1os de ausencia, Tego Calderon vuelve a los escenarios.<\/h2>\n\n\n\n<p>El cantante de reguet\u00f3n Tego Calder\u00f3n lanza este mi\u00e9rcoles su nueva canci\u00f3n denominada la \u2018La Receta\u2019, buscando posicionarse nuevamente entre los cantantes de la m\u00fasica urbana m\u00e1s influyentes de la actualidad.<\/p>\n\n\n\n<p>El int\u00e9rprete de \u2018Yo tengo un \u00c1ngel\u2019 se hizo un nombre en el g\u00e9nero del reguet\u00f3n con el \u00e1lbum \u2018El Abayarde\u2019, caracterizado por tener los ritmos cl\u00e1sicos del g\u00e9nero musical que lo llev\u00f3 a la fama.<\/p>\n\n\n\n<p id=\"p763107-m1632-4-1633\">En m\u00e1s de 20 a\u00f1os de carrera, el cantante cosech\u00f3 varios \u00e9xitos musicales como \u2018Pa\u2019 que retocen\u2019 y \u2018Mambo Duro\u2019, entre otros \u00e9xitos.<br><br>Las canciones de este artista de m\u00fasica urbana son ya un cl\u00e1sico en las discotecas y siguen sonando sin importar que ya hayan pasado m\u00e1s de 20 a\u00f1os del inicio del auge del reguet\u00f3n en Puerto Rico.<br><br>Su \u00faltimo lanzamiento m\u00fasical fue hace 6 a\u00f1os, el tema \u2018Longer The Mandela\u2019. Desde ese momento no hab\u00eda hecho ning\u00fan trabajo musical de manera individual, lo que ha generado una gran expectativa entre sus fan\u00e1ticos\u2019.<\/p>\n\n\n\n<p>Varios colegas de Tego Calderon lo felicitaron por su nuevo lanzamiento, el cual el cantante anunci\u00f3 en sus redes sociales, con el ritmo caracter\u00edstico que lo dio a conocer.<\/p>\n\n\n\n<p>El cantante Zion afirm\u00f3: \u201cC\u00f3mo nos hac\u00eda falta un perre\u00edto de Tego muy duro\u201d, mientras que Mackie coment\u00f3: \u201cAguanta que lleg\u00f3 Granpa\u201d.<\/p>\n\n\n\n<p>En su cuenta de Instagram, el adelanto del video musical de su nueva canci\u00f3n cuenta con m\u00e1s de 5 mil comentarios.<\/p>\n\n\n\n<p><\/p>\n","protected":false},"excerpt":{"rendered":"<p>Su \u00faltimo lanzamiento musical fue hace 6 a\u00f1os Despu\u00e9s de 6 a\u00f1os de ausencia, Tego Calderon vuelve a los escenarios. El cantante de reguet\u00f3n Tego Calder\u00f3n lanza este mi\u00e9rcoles su nueva canci\u00f3n denominada la \u2018La Receta\u2019, buscando posicionarse nuevamente entre los cantantes de la m\u00fasica urbana m\u00e1s influyentes de la actualidad. El int\u00e9rprete de \u2018Yo &hellip;<\/p>\n<p class=\"read-more\"> <a class=\"\" href=\"https:\/\/magiadigital933.com.mx\/index.php\/2023\/04\/27\/tego-calderon-regresa-de-la-jubilacion-para-lanzar-su-cancion-la-receta\/\"> <span class=\"screen-reader-text\">Tego Calder\u00f3n regresa de la jubilaci\u00f3n para lanzar su canci\u00f3n &#8216;La Receta&#8217;<\/span> Leer m\u00e1s &raquo;<\/a><\/p>\n","protected":false},"author":8,"featured_media":1864,"comment_status":"closed","ping_status":"closed","sticky":false,"template":"","format":"standard","meta":{"site-sidebar-layout":"default","site-content-layout":"","ast-site-content-layout":"","site-content-style":"default","site-sidebar-style":"default","ast-global-header-display":"","ast-banner-title-visibility":"","ast-main-header-display":"","ast-hfb-above-header-display":"","ast-hfb-below-header-display":"","ast-hfb-mobile-header-display":"","site-post-title":"","ast-breadcrumbs-content":"","ast-featured-img":"","footer-sml-layout":"","theme-transparent-header-meta":"","adv-header-id-meta":"","stick-header-meta":"","header-above-stick-meta":"","header-main-stick-meta":"","header-below-stick-meta":"","astra-migrate-meta-layouts":"","footnotes":""},"categories":[33],"tags":[],"_links":{"self":[{"href":"https:\/\/magiadigital933.com.mx\/index.php\/wp-json\/wp\/v2\/posts\/1863"}],"collection":[{"href":"https:\/\/magiadigital933.com.mx\/index.php\/wp-json\/wp\/v2\/posts"}],"about":[{"href":"https:\/\/magiadigital933.com.mx\/index.php\/wp-json\/wp\/v2\/types\/post"}],"author":[{"embeddable":true,"href":"https:\/\/magiadigital933.com.mx\/index.php\/wp-json\/wp\/v2\/users\/8"}],"replies":[{"embeddable":true,"href":"https:\/\/magiadigital933.com.mx\/index.php\/wp-json\/wp\/v2\/comments?post=1863"}],"version-history":[{"count":1,"href":"https:\/\/magiadigital933.com.mx\/index.php\/wp-json\/wp\/v2\/posts\/1863\/revisions"}],"predecessor-version":[{"id":1865,"href":"https:\/\/magiadigital933.com.mx\/index.php\/wp-json\/wp\/v2\/posts\/1863\/revisions\/1865"}],"wp:featuredmedia":[{"embeddable":true,"href":"https:\/\/magiadigital933.com.mx\/index.php\/wp-json\/wp\/v2\/media\/1864"}],"wp:attachment":[{"href":"https:\/\/magiadigital933.com.mx\/index.php\/wp-json\/wp\/v2\/media?parent=1863"}],"wp:term":[{"taxonomy":"category","embeddable":true,"href":"https:\/\/magiadigital933.com.mx\/index.php\/wp-json\/wp\/v2\/categories?post=1863"},{"taxonomy":"post_tag","embeddable":true,"href":"https:\/\/magiadigital933.com.mx\/index.php\/wp-json\/wp\/v2\/tags?post=1863"}],"curies":[{"name":"wp","href":"https:\/\/api.w.org\/{rel}","templated":true}]}}