{"id":2507,"date":"2023-06-16T17:53:28","date_gmt":"2023-06-16T17:53:28","guid":{"rendered":"https:\/\/magiadigital933.com.mx\/?p=2507"},"modified":"2023-06-19T17:10:25","modified_gmt":"2023-06-19T17:10:25","slug":"lalo-mora-y-eden-munoz-se-preparan-contra-los-corridos-tumbados-con-nueva-musica","status":"publish","type":"post","link":"https:\/\/magiadigital933.com.mx\/index.php\/2023\/06\/16\/lalo-mora-y-eden-munoz-se-preparan-contra-los-corridos-tumbados-con-nueva-musica\/","title":{"rendered":"Lalo Mora y Ed\u00e9n Mu\u00f1oz se preparan contra los corridos tumbados con nueva musica."},"content":{"rendered":"\t\t<div data-elementor-type=\"wp-post\" data-elementor-id=\"2507\" class=\"elementor elementor-2507\" data-elementor-post-type=\"post\">\n\t\t\t\t\t\t\t\t\t<section class=\"elementor-section elementor-top-section elementor-element elementor-element-ad36fc9 elementor-section-boxed elementor-section-height-default elementor-section-height-default\" data-id=\"ad36fc9\" data-element_type=\"section\">\n\t\t\t\t\t\t<div class=\"elementor-container elementor-column-gap-default\">\n\t\t\t\t\t<div class=\"elementor-column elementor-col-100 elementor-top-column elementor-element elementor-element-63b7d10\" data-id=\"63b7d10\" data-element_type=\"column\">\n\t\t\t<div class=\"elementor-widget-wrap elementor-element-populated\">\n\t\t\t\t\t\t\t\t<div class=\"elementor-element elementor-element-76cca39 elementor-widget elementor-widget-text-editor\" data-id=\"76cca39\" data-element_type=\"widget\" data-widget_type=\"text-editor.default\">\n\t\t\t\t<div class=\"elementor-widget-container\">\n\t\t\t\t\t\t\t<p class=\"MsoNormal\">Las estrellas se encuentran en la fase de preparaci\u00f3n de su\npr\u00f3ximo sencillo, con el cual buscan no solo compartir cr\u00e9ditos, sino tambi\u00e9n\nposicionarse en los primeros puestos de popularidad.<o:p><\/o:p><\/p><p class=\"MsoNormal\">Lalo Mora, reconocido como una leyenda de la m\u00fasica norte\u00f1a,\ny Ed\u00e9n Mu\u00f1oz, el destacado cantante y productor, se han unido para grabar la\ncanci\u00f3n &#8220;Mi reca\u00edda en los excesos&#8221;. Esta colaboraci\u00f3n no solo es un\nsue\u00f1o hecho realidad para ambos artistas, sino que tambi\u00e9n busca contrarrestar\nla tendencia de los &#8220;corridos tumbados&#8221; y los &#8220;corridos\nb\u00e9licos&#8221;.<o:p><\/o:p><\/p><p class=\"MsoNormal\">Desde hace semanas, las estrellas han revelado que est\u00e1n en\nproceso de creaci\u00f3n de su nuevo sencillo, y la fecha de estreno ha llegado:\nser\u00e1 a mediados de junio cuando la canci\u00f3n est\u00e9 disponible en plataformas\ndigitales como Spotify, YouTube, Apple Music, y otras.<o:p><\/o:p><\/p><p class=\"MsoNormal\">Desde que se realiz\u00f3 el anuncio oficial, los fan\u00e1ticos no\nhan dejado de expresar su emoci\u00f3n. Muchos afirman que esta colaboraci\u00f3n es una\nde las mejores fusiones musicales en la actualidad, ya que conserva el sonido\ncl\u00e1sico. Se espera que aquellos que escuchen la melod\u00eda no duden en disfrutarla\nacompa\u00f1ados de algunas cervezas o tragos.<o:p><\/o:p><\/p><p class=\"MsoNormal\">Es importante destacar que &#8220;Mi reca\u00edda en los\nexcesos&#8221; forma parte del nuevo \u00e1lbum del exintegrante de Calibre 50. El\ndisco contar\u00e1 con diversas colaboraciones destacadas, entre las cuales se\nencuentran la canci\u00f3n previamente estrenada con Junior H titulada\n&#8220;ABCdario&#8221;, as\u00ed como duetos con Los Dos Carnales, Gabito Ballesteros,\nCarin Le\u00f3n y El Fantasma, por mencionar algunos.<o:p><\/o:p><\/p><p>\n\n\n\n\n\n\n\n\n\n<\/p><p class=\"MsoNormal\">Por otro lado, Ed\u00e9n Mu\u00f1oz se encuentra actualmente de gira\npor varias ciudades de M\u00e9xico, presentando sus nuevas canciones como solista,\nas\u00ed como algunos de los \u00e9xitos que realiz\u00f3 durante su etapa en Calibre 50. Esta\ndecisi\u00f3n de separarse de la banda tiene como objetivo lograr un crecimiento\nindividual y seguir adelante en su carrera.<o:p><\/o:p><\/p>\t\t\t\t\t\t<\/div>\n\t\t\t\t<\/div>\n\t\t\t\t\t<\/div>\n\t\t<\/div>\n\t\t\t\t\t\t\t<\/div>\n\t\t<\/section>\n\t\t\t\t\t\t\t<\/div>\n\t\t","protected":false},"excerpt":{"rendered":"<p>Las estrellas se encuentran en la fase de preparaci\u00f3n de su pr\u00f3ximo sencillo, con el cual buscan no solo compartir cr\u00e9ditos, sino tambi\u00e9n posicionarse en los primeros puestos de popularidad. Lalo Mora, reconocido como una leyenda de la m\u00fasica norte\u00f1a, y Ed\u00e9n Mu\u00f1oz, el destacado cantante y productor, se han unido para grabar la canci\u00f3n &hellip;<\/p>\n<p class=\"read-more\"> <a class=\"\" href=\"https:\/\/magiadigital933.com.mx\/index.php\/2023\/06\/16\/lalo-mora-y-eden-munoz-se-preparan-contra-los-corridos-tumbados-con-nueva-musica\/\"> <span class=\"screen-reader-text\">Lalo Mora y Ed\u00e9n Mu\u00f1oz se preparan contra los corridos tumbados con nueva musica.<\/span> Leer m\u00e1s &raquo;<\/a><\/p>\n","protected":false},"author":7,"featured_media":2508,"comment_status":"open","ping_status":"open","sticky":false,"template":"","format":"standard","meta":{"site-sidebar-layout":"default","site-content-layout":"","ast-site-content-layout":"","site-content-style":"default","site-sidebar-style":"default","ast-global-header-display":"","ast-banner-title-visibility":"","ast-main-header-display":"","ast-hfb-above-header-display":"","ast-hfb-below-header-display":"","ast-hfb-mobile-header-display":"","site-post-title":"","ast-breadcrumbs-content":"","ast-featured-img":"","footer-sml-layout":"","theme-transparent-header-meta":"","adv-header-id-meta":"","stick-header-meta":"","header-above-stick-meta":"","header-main-stick-meta":"","header-below-stick-meta":"","astra-migrate-meta-layouts":"","footnotes":""},"categories":[33],"tags":[],"_links":{"self":[{"href":"https:\/\/magiadigital933.com.mx\/index.php\/wp-json\/wp\/v2\/posts\/2507"}],"collection":[{"href":"https:\/\/magiadigital933.com.mx\/index.php\/wp-json\/wp\/v2\/posts"}],"about":[{"href":"https:\/\/magiadigital933.com.mx\/index.php\/wp-json\/wp\/v2\/types\/post"}],"author":[{"embeddable":true,"href":"https:\/\/magiadigital933.com.mx\/index.php\/wp-json\/wp\/v2\/users\/7"}],"replies":[{"embeddable":true,"href":"https:\/\/magiadigital933.com.mx\/index.php\/wp-json\/wp\/v2\/comments?post=2507"}],"version-history":[{"count":5,"href":"https:\/\/magiadigital933.com.mx\/index.php\/wp-json\/wp\/v2\/posts\/2507\/revisions"}],"predecessor-version":[{"id":2513,"href":"https:\/\/magiadigital933.com.mx\/index.php\/wp-json\/wp\/v2\/posts\/2507\/revisions\/2513"}],"wp:featuredmedia":[{"embeddable":true,"href":"https:\/\/magiadigital933.com.mx\/index.php\/wp-json\/wp\/v2\/media\/2508"}],"wp:attachment":[{"href":"https:\/\/magiadigital933.com.mx\/index.php\/wp-json\/wp\/v2\/media?parent=2507"}],"wp:term":[{"taxonomy":"category","embeddable":true,"href":"https:\/\/magiadigital933.com.mx\/index.php\/wp-json\/wp\/v2\/categories?post=2507"},{"taxonomy":"post_tag","embeddable":true,"href":"https:\/\/magiadigital933.com.mx\/index.php\/wp-json\/wp\/v2\/tags?post=2507"}],"curies":[{"name":"wp","href":"https:\/\/api.w.org\/{rel}","templated":true}]}}