{"id":2604,"date":"2023-06-22T17:51:25","date_gmt":"2023-06-22T17:51:25","guid":{"rendered":"https:\/\/magiadigital933.com.mx\/?p=2604"},"modified":"2023-06-22T17:52:51","modified_gmt":"2023-06-22T17:52:51","slug":"los-voy-a-poner-a-perrear-hasta-el-infierno-dice-bellakath-con-su-regreso-a-flow-fest","status":"publish","type":"post","link":"https:\/\/magiadigital933.com.mx\/index.php\/2023\/06\/22\/los-voy-a-poner-a-perrear-hasta-el-infierno-dice-bellakath-con-su-regreso-a-flow-fest\/","title":{"rendered":"LOS VOY A PONER A PERREAR HASTA EL INFIERNO\u201d DICE BELLAKATH CON SU REGRESO A FLOW FEST"},"content":{"rendered":"\t\t<div data-elementor-type=\"wp-post\" data-elementor-id=\"2604\" class=\"elementor elementor-2604\" data-elementor-post-type=\"post\">\n\t\t\t\t\t\t\t\t\t<section class=\"elementor-section elementor-top-section elementor-element elementor-element-f844db2 elementor-section-boxed elementor-section-height-default elementor-section-height-default\" data-id=\"f844db2\" data-element_type=\"section\">\n\t\t\t\t\t\t<div class=\"elementor-container elementor-column-gap-default\">\n\t\t\t\t\t<div class=\"elementor-column elementor-col-100 elementor-top-column elementor-element elementor-element-7bf7860\" data-id=\"7bf7860\" data-element_type=\"column\">\n\t\t\t<div class=\"elementor-widget-wrap elementor-element-populated\">\n\t\t\t\t\t\t\t\t<div class=\"elementor-element elementor-element-9532a55 elementor-widget elementor-widget-text-editor\" data-id=\"9532a55\" data-element_type=\"widget\" data-widget_type=\"text-editor.default\">\n\t\t\t\t<div class=\"elementor-widget-container\">\n\t\t\t\t\t\t\t<p>Flow Fest present\u00f3 el cartel para su edici\u00f3n 2023 y cumpli\u00f3 con creces las expectativas en cuanto a impacto musical, al igual que lo hizo el a\u00f1o pasado con artistas como Don Omar y J Balvin. Sin lugar a dudas, este evento promete ser uno de los mejores del a\u00f1o.<\/p><p>El line-up de esta edici\u00f3n cuenta con nombres como Feid, Wisin, Yandel, Ivy Queen, Maluma, Ozuna y Tego Calder\u00f3n, una combinaci\u00f3n perfecta entre el reguet\u00f3n cl\u00e1sico y la nueva ola del movimiento. Adem\u00e1s, dentro de esta alineaci\u00f3n de artistas j\u00f3venes, tambi\u00e9n se encuentra el talento nacional de Bellakath.<\/p><p>La int\u00e9rprete de &#8220;Gatita&#8221; regresa al festival de m\u00fasica urbana por segundo a\u00f1o consecutivo, despu\u00e9s de su explosi\u00f3n de popularidad el a\u00f1o pasado con \u00e9xitos que se volvieron virales en internet, como &#8220;Lluvia De Micheladas&#8221;, que se ha convertido en un himno en las fiestas. Ante su inclusi\u00f3n en este cartel, la cantante mexicana comenta<\/p><p>\u00a0<\/p>\t\t\t\t\t\t<\/div>\n\t\t\t\t<\/div>\n\t\t\t\t\t<\/div>\n\t\t<\/div>\n\t\t\t\t\t\t\t<\/div>\n\t\t<\/section>\n\t\t\t\t<section class=\"elementor-section elementor-top-section elementor-element elementor-element-3ab6d1d elementor-section-boxed elementor-section-height-default elementor-section-height-default\" data-id=\"3ab6d1d\" data-element_type=\"section\">\n\t\t\t\t\t\t<div class=\"elementor-container elementor-column-gap-default\">\n\t\t\t\t\t<div class=\"elementor-column elementor-col-100 elementor-top-column elementor-element elementor-element-973d8a7\" data-id=\"973d8a7\" data-element_type=\"column\">\n\t\t\t<div class=\"elementor-widget-wrap elementor-element-populated\">\n\t\t\t\t\t\t\t\t<div class=\"elementor-element elementor-element-a14dd59 elementor-widget elementor-widget-image\" data-id=\"a14dd59\" data-element_type=\"widget\" data-widget_type=\"image.default\">\n\t\t\t\t<div class=\"elementor-widget-container\">\n\t\t\t\t\t\t\t\t\t\t\t\t\t\t\t<img fetchpriority=\"high\" decoding=\"async\" width=\"822\" height=\"609\" src=\"https:\/\/magiadigital933.com.mx\/wp-content\/uploads\/2023\/06\/BELLA01.png\" class=\"attachment-large size-large wp-image-2608\" alt=\"\" srcset=\"https:\/\/magiadigital933.com.mx\/wp-content\/uploads\/2023\/06\/BELLA01.png 822w, https:\/\/magiadigital933.com.mx\/wp-content\/uploads\/2023\/06\/BELLA01-300x222.png 300w, https:\/\/magiadigital933.com.mx\/wp-content\/uploads\/2023\/06\/BELLA01-768x569.png 768w\" sizes=\"(max-width: 822px) 100vw, 822px\" \/>\t\t\t\t\t\t\t\t\t\t\t\t\t\t\t<\/div>\n\t\t\t\t<\/div>\n\t\t\t\t\t<\/div>\n\t\t<\/div>\n\t\t\t\t\t\t\t<\/div>\n\t\t<\/section>\n\t\t\t\t<section class=\"elementor-section elementor-top-section elementor-element elementor-element-285f192 elementor-section-boxed elementor-section-height-default elementor-section-height-default\" data-id=\"285f192\" data-element_type=\"section\">\n\t\t\t\t\t\t<div class=\"elementor-container elementor-column-gap-default\">\n\t\t\t\t\t<div class=\"elementor-column elementor-col-100 elementor-top-column elementor-element elementor-element-a20f337\" data-id=\"a20f337\" data-element_type=\"column\">\n\t\t\t<div class=\"elementor-widget-wrap elementor-element-populated\">\n\t\t\t\t\t\t\t\t<div class=\"elementor-element elementor-element-a58d3b6 elementor-widget elementor-widget-text-editor\" data-id=\"a58d3b6\" data-element_type=\"widget\" data-widget_type=\"text-editor.default\">\n\t\t\t\t<div class=\"elementor-widget-container\">\n\t\t\t\t\t\t\t<p class=\"MsoNormal\">&#8220;Estoy muy agradecida con mi p\u00fablico, porque son ellos\nquienes me han colocado en este lugar. Escuchan mi m\u00fasica d\u00eda tras d\u00eda y me\nllena de alegr\u00eda encabezar este movimiento mexicano y ser una mujer que est\u00e1\nrompiendo barreras en el g\u00e9nero&#8221;.<o:p><\/o:p><\/p><p>\n\n<\/p><p class=\"MsoNormal\">Una de las preguntas que la gente se plantea acerca de su\nsegunda participaci\u00f3n en el Flow Fest es qu\u00e9 sorpresas traer\u00e1 la\n&#8220;Bellakita&#8221; en su show para cautivar a sus fans. Ante esto, ella\nasegura: &#8220;Si les gust\u00f3 lo que hice el a\u00f1o pasado, \u00a1prep\u00e1rense, beb\u00e9s!\nPorque este a\u00f1o van a estar sin aliento, ya que traigo un show fabuloso\ninspirado en Par\u00eds&#8221;.<o:p><\/o:p><\/p>\t\t\t\t\t\t<\/div>\n\t\t\t\t<\/div>\n\t\t\t\t\t<\/div>\n\t\t<\/div>\n\t\t\t\t\t\t\t<\/div>\n\t\t<\/section>\n\t\t\t\t\t\t\t<\/div>\n\t\t","protected":false},"excerpt":{"rendered":"<p>Flow Fest present\u00f3 el cartel para su edici\u00f3n 2023 y cumpli\u00f3 con creces las expectativas en cuanto a impacto musical, al igual que lo hizo el a\u00f1o pasado con artistas como Don Omar y J Balvin. Sin lugar a dudas, este evento promete ser uno de los mejores del a\u00f1o. El line-up de esta edici\u00f3n &hellip;<\/p>\n<p class=\"read-more\"> <a class=\"\" href=\"https:\/\/magiadigital933.com.mx\/index.php\/2023\/06\/22\/los-voy-a-poner-a-perrear-hasta-el-infierno-dice-bellakath-con-su-regreso-a-flow-fest\/\"> <span class=\"screen-reader-text\">LOS VOY A PONER A PERREAR HASTA EL INFIERNO\u201d DICE BELLAKATH CON SU REGRESO A FLOW FEST<\/span> Leer m\u00e1s &raquo;<\/a><\/p>\n","protected":false},"author":7,"featured_media":2605,"comment_status":"open","ping_status":"open","sticky":false,"template":"","format":"standard","meta":{"site-sidebar-layout":"default","site-content-layout":"","ast-site-content-layout":"","site-content-style":"default","site-sidebar-style":"default","ast-global-header-display":"","ast-banner-title-visibility":"","ast-main-header-display":"","ast-hfb-above-header-display":"","ast-hfb-below-header-display":"","ast-hfb-mobile-header-display":"","site-post-title":"","ast-breadcrumbs-content":"","ast-featured-img":"","footer-sml-layout":"","theme-transparent-header-meta":"","adv-header-id-meta":"","stick-header-meta":"","header-above-stick-meta":"","header-main-stick-meta":"","header-below-stick-meta":"","astra-migrate-meta-layouts":"","footnotes":""},"categories":[33],"tags":[],"_links":{"self":[{"href":"https:\/\/magiadigital933.com.mx\/index.php\/wp-json\/wp\/v2\/posts\/2604"}],"collection":[{"href":"https:\/\/magiadigital933.com.mx\/index.php\/wp-json\/wp\/v2\/posts"}],"about":[{"href":"https:\/\/magiadigital933.com.mx\/index.php\/wp-json\/wp\/v2\/types\/post"}],"author":[{"embeddable":true,"href":"https:\/\/magiadigital933.com.mx\/index.php\/wp-json\/wp\/v2\/users\/7"}],"replies":[{"embeddable":true,"href":"https:\/\/magiadigital933.com.mx\/index.php\/wp-json\/wp\/v2\/comments?post=2604"}],"version-history":[{"count":4,"href":"https:\/\/magiadigital933.com.mx\/index.php\/wp-json\/wp\/v2\/posts\/2604\/revisions"}],"predecessor-version":[{"id":2611,"href":"https:\/\/magiadigital933.com.mx\/index.php\/wp-json\/wp\/v2\/posts\/2604\/revisions\/2611"}],"wp:featuredmedia":[{"embeddable":true,"href":"https:\/\/magiadigital933.com.mx\/index.php\/wp-json\/wp\/v2\/media\/2605"}],"wp:attachment":[{"href":"https:\/\/magiadigital933.com.mx\/index.php\/wp-json\/wp\/v2\/media?parent=2604"}],"wp:term":[{"taxonomy":"category","embeddable":true,"href":"https:\/\/magiadigital933.com.mx\/index.php\/wp-json\/wp\/v2\/categories?post=2604"},{"taxonomy":"post_tag","embeddable":true,"href":"https:\/\/magiadigital933.com.mx\/index.php\/wp-json\/wp\/v2\/tags?post=2604"}],"curies":[{"name":"wp","href":"https:\/\/api.w.org\/{rel}","templated":true}]}}