{"id":2635,"date":"2023-06-26T20:21:14","date_gmt":"2023-06-26T20:21:14","guid":{"rendered":"https:\/\/magiadigital933.com.mx\/?p=2635"},"modified":"2023-06-26T20:23:14","modified_gmt":"2023-06-26T20:23:14","slug":"se-arma-la-fiesta-tranqui-con-gerardo-ortiz-en-la-feria-de-gomez-palacio","status":"publish","type":"post","link":"https:\/\/magiadigital933.com.mx\/index.php\/2023\/06\/26\/se-arma-la-fiesta-tranqui-con-gerardo-ortiz-en-la-feria-de-gomez-palacio\/","title":{"rendered":"SE ARMA LA FIESTA \u201cTRANQUI\u201d CON GERARDO ORTIZ EN LA FERIA DE GOMEZ PALACIO"},"content":{"rendered":"\t\t<div data-elementor-type=\"wp-post\" data-elementor-id=\"2635\" class=\"elementor elementor-2635\" data-elementor-post-type=\"post\">\n\t\t\t\t\t\t\t\t\t<section class=\"elementor-section elementor-top-section elementor-element elementor-element-a7f59b6 elementor-section-boxed elementor-section-height-default elementor-section-height-default\" data-id=\"a7f59b6\" data-element_type=\"section\">\n\t\t\t\t\t\t<div class=\"elementor-container elementor-column-gap-default\">\n\t\t\t\t\t<div class=\"elementor-column elementor-col-100 elementor-top-column elementor-element elementor-element-97a04af\" data-id=\"97a04af\" data-element_type=\"column\">\n\t\t\t<div class=\"elementor-widget-wrap elementor-element-populated\">\n\t\t\t\t\t\t\t\t<div class=\"elementor-element elementor-element-0873f21 elementor-widget elementor-widget-text-editor\" data-id=\"0873f21\" data-element_type=\"widget\" data-widget_type=\"text-editor.default\">\n\t\t\t\t<div class=\"elementor-widget-container\">\n\t\t\t\t\t\t\t<p class=\"MsoNormal\">Gerardo Ortiz contin\u00faa imparable ante un p\u00fablico lleno de\nentusiasmo por presenciar su espect\u00e1culo, deleit\u00e1ndolos con sus grandes \u00e9xitos.<o:p><\/o:p><\/p><p class=\"MsoNormal\">El reconocido cantante de m\u00fasica regional mexicana, Gerardo\nOrtiz, sigue cosechando \u00e9xitos y conquistando cada plaza que visita. El\nPalenque Vicente Fern\u00e1ndez de la Expo Feria G\u00f3mez Palacio no fue la excepci\u00f3n.\nAnte un recinto repleto, logr\u00f3 cautivar a sus leales seguidores durante la\nnoche del viernes, interpretando sus mayores \u00e9xitos durante m\u00e1s de dos horas.<o:p><\/o:p><\/p><p class=\"MsoNormal\">Desde temprano, la gente comenz\u00f3 a llegar al lugar, formando\nuna larga fila que avanzaba lentamente. Mientras tanto, los asistentes\ndisfrutaban de emocionantes peleas de gallos. El tiempo transcurr\u00eda y la\nimpaciencia se apoderaba de ellos. El calor se intensificaba y anhelaban el\ninicio del espect\u00e1culo. Finalmente, a las 00:35 horas, apareci\u00f3 en el escenario\nel cantante sinaloense Roberto Tapia, siendo recibido con efusivos aplausos.\nInici\u00f3 su presentaci\u00f3n con el tema &#8220;Las edades&#8221; y salud\u00f3 al p\u00fablico\ngomezpalatino, invit\u00e1ndolos a cantar con \u00e9l m\u00e1s de sus \u00e9xitos, como\n&#8220;Caminos diferentes&#8221; y &#8220;El gallo de Sinaloa&#8221;.<o:p><\/o:p><\/p><p class=\"MsoNormal\">Luego, salud\u00f3 a las mujeres que mandan en su casa,\nprovocando gritos entusiastas del p\u00fablico femenino. Continu\u00f3 interpretando m\u00e1s\ntemas, como &#8220;No fue f\u00e1cil&#8221;, &#8220;El muchacho&#8221;,\n&#8220;24\/7&#8221;, &#8220;Cuando te acuerdes de m\u00ed&#8221; y &#8220;Me duele&#8221;,\nentre otros. Despu\u00e9s de saludar a sus familiares presentes en el p\u00fablico, se\ndespidi\u00f3 a la 01:32 de la madrugada.<o:p><\/o:p><\/p><p>\n\n\n\n\n\n\n\n<\/p><p class=\"MsoNormal\">El ambiente festivo estaba en su punto m\u00e1ximo, pero la\npaciencia se agotaba y los silbidos ped\u00edan la aparici\u00f3n de Gerardo Ortiz.\nFinalmente, el artista m\u00e1s esperado de la noche hizo su entrada a las 02:20 de\nla madrugada, siendo recibido con una ovaci\u00f3n estruendosa. Junto a su grupo y\nbanda, con juegos de luces y fuegos artificiales, luciendo un elegante traje y\nsombrero negro, inici\u00f3 con un popurr\u00ed de corridos.<o:p><\/o:p><\/p>\t\t\t\t\t\t<\/div>\n\t\t\t\t<\/div>\n\t\t\t\t\t<\/div>\n\t\t<\/div>\n\t\t\t\t\t\t\t<\/div>\n\t\t<\/section>\n\t\t\t\t<section class=\"elementor-section elementor-top-section elementor-element elementor-element-cef8b0a elementor-section-boxed elementor-section-height-default elementor-section-height-default\" data-id=\"cef8b0a\" data-element_type=\"section\">\n\t\t\t\t\t\t<div class=\"elementor-container elementor-column-gap-default\">\n\t\t\t\t\t<div class=\"elementor-column elementor-col-100 elementor-top-column elementor-element elementor-element-746a336\" data-id=\"746a336\" data-element_type=\"column\">\n\t\t\t<div class=\"elementor-widget-wrap elementor-element-populated\">\n\t\t\t\t\t\t\t\t<div class=\"elementor-element elementor-element-6cd3b07 elementor-widget elementor-widget-image\" data-id=\"6cd3b07\" data-element_type=\"widget\" data-widget_type=\"image.default\">\n\t\t\t\t<div class=\"elementor-widget-container\">\n\t\t\t\t\t\t\t\t\t\t\t\t\t\t\t<img fetchpriority=\"high\" decoding=\"async\" width=\"942\" height=\"532\" src=\"https:\/\/magiadigital933.com.mx\/wp-content\/uploads\/2023\/06\/gerardo01.webp\" class=\"attachment-large size-large wp-image-2638\" alt=\"\" srcset=\"https:\/\/magiadigital933.com.mx\/wp-content\/uploads\/2023\/06\/gerardo01.webp 942w, https:\/\/magiadigital933.com.mx\/wp-content\/uploads\/2023\/06\/gerardo01-300x169.webp 300w, https:\/\/magiadigital933.com.mx\/wp-content\/uploads\/2023\/06\/gerardo01-768x434.webp 768w\" sizes=\"(max-width: 942px) 100vw, 942px\" \/>\t\t\t\t\t\t\t\t\t\t\t\t\t\t\t<\/div>\n\t\t\t\t<\/div>\n\t\t\t\t\t<\/div>\n\t\t<\/div>\n\t\t\t\t\t\t\t<\/div>\n\t\t<\/section>\n\t\t\t\t<section class=\"elementor-section elementor-top-section elementor-element elementor-element-8f8e9a0 elementor-section-boxed elementor-section-height-default elementor-section-height-default\" data-id=\"8f8e9a0\" data-element_type=\"section\">\n\t\t\t\t\t\t<div class=\"elementor-container elementor-column-gap-default\">\n\t\t\t\t\t<div class=\"elementor-column elementor-col-100 elementor-top-column elementor-element elementor-element-0242685\" data-id=\"0242685\" data-element_type=\"column\">\n\t\t\t<div class=\"elementor-widget-wrap elementor-element-populated\">\n\t\t\t\t\t\t\t\t<div class=\"elementor-element elementor-element-2d5c6df elementor-widget elementor-widget-text-editor\" data-id=\"2d5c6df\" data-element_type=\"widget\" data-widget_type=\"text-editor.default\">\n\t\t\t\t<div class=\"elementor-widget-container\">\n\t\t\t\t\t\t\t<p>Inmediatamente, salud\u00f3 a sus fieles seguidores y agradeci\u00f3\nsu presencia, continuando con canciones como &#8220;Tranquilito&#8221;, &#8220;El\ntroquero lococh\u00f3n&#8221; y &#8220;Ma\u00f1ana voy a conquistarte&#8221;. Esta \u00faltima\npuso a todos los asistentes de pie, quienes no dudaron en bailar y cantarla de\nprincipio a fin.<o:p><\/o:p><\/p><p>Aunque parec\u00eda que el final se acercaba, no pod\u00edan faltar\notras canciones que lo han catapultado al estrellato, como &#8220;D\u00e1maso&#8221;,\n&#8220;Mujer de piedra&#8221;, &#8220;Eres una ni\u00f1a&#8221; y &#8220;Fuiste\nm\u00eda&#8221;. Con ellas, se despidi\u00f3 de los laguneros en altas horas de la madrugada\ndel s\u00e1bado.<o:p><\/o:p><\/p><p>\n\n\n\n<\/p><p>Gerardo se entreg\u00f3 por completo a sus fans, quienes le\ndemostraron su admiraci\u00f3n y cari\u00f1o de forma incondicional.<o:p><\/o:p><\/p>\t\t\t\t\t\t<\/div>\n\t\t\t\t<\/div>\n\t\t\t\t\t<\/div>\n\t\t<\/div>\n\t\t\t\t\t\t\t<\/div>\n\t\t<\/section>\n\t\t\t\t\t\t\t<\/div>\n\t\t","protected":false},"excerpt":{"rendered":"<p>Gerardo Ortiz contin\u00faa imparable ante un p\u00fablico lleno de entusiasmo por presenciar su espect\u00e1culo, deleit\u00e1ndolos con sus grandes \u00e9xitos. El reconocido cantante de m\u00fasica regional mexicana, Gerardo Ortiz, sigue cosechando \u00e9xitos y conquistando cada plaza que visita. El Palenque Vicente Fern\u00e1ndez de la Expo Feria G\u00f3mez Palacio no fue la excepci\u00f3n. Ante un recinto repleto, &hellip;<\/p>\n<p class=\"read-more\"> <a class=\"\" href=\"https:\/\/magiadigital933.com.mx\/index.php\/2023\/06\/26\/se-arma-la-fiesta-tranqui-con-gerardo-ortiz-en-la-feria-de-gomez-palacio\/\"> <span class=\"screen-reader-text\">SE ARMA LA FIESTA \u201cTRANQUI\u201d CON GERARDO ORTIZ EN LA FERIA DE GOMEZ PALACIO<\/span> Leer m\u00e1s &raquo;<\/a><\/p>\n","protected":false},"author":7,"featured_media":2636,"comment_status":"open","ping_status":"open","sticky":false,"template":"","format":"standard","meta":{"site-sidebar-layout":"default","site-content-layout":"","ast-site-content-layout":"","site-content-style":"default","site-sidebar-style":"default","ast-global-header-display":"","ast-banner-title-visibility":"","ast-main-header-display":"","ast-hfb-above-header-display":"","ast-hfb-below-header-display":"","ast-hfb-mobile-header-display":"","site-post-title":"","ast-breadcrumbs-content":"","ast-featured-img":"","footer-sml-layout":"","theme-transparent-header-meta":"","adv-header-id-meta":"","stick-header-meta":"","header-above-stick-meta":"","header-main-stick-meta":"","header-below-stick-meta":"","astra-migrate-meta-layouts":"","footnotes":""},"categories":[33],"tags":[],"_links":{"self":[{"href":"https:\/\/magiadigital933.com.mx\/index.php\/wp-json\/wp\/v2\/posts\/2635"}],"collection":[{"href":"https:\/\/magiadigital933.com.mx\/index.php\/wp-json\/wp\/v2\/posts"}],"about":[{"href":"https:\/\/magiadigital933.com.mx\/index.php\/wp-json\/wp\/v2\/types\/post"}],"author":[{"embeddable":true,"href":"https:\/\/magiadigital933.com.mx\/index.php\/wp-json\/wp\/v2\/users\/7"}],"replies":[{"embeddable":true,"href":"https:\/\/magiadigital933.com.mx\/index.php\/wp-json\/wp\/v2\/comments?post=2635"}],"version-history":[{"count":4,"href":"https:\/\/magiadigital933.com.mx\/index.php\/wp-json\/wp\/v2\/posts\/2635\/revisions"}],"predecessor-version":[{"id":2641,"href":"https:\/\/magiadigital933.com.mx\/index.php\/wp-json\/wp\/v2\/posts\/2635\/revisions\/2641"}],"wp:featuredmedia":[{"embeddable":true,"href":"https:\/\/magiadigital933.com.mx\/index.php\/wp-json\/wp\/v2\/media\/2636"}],"wp:attachment":[{"href":"https:\/\/magiadigital933.com.mx\/index.php\/wp-json\/wp\/v2\/media?parent=2635"}],"wp:term":[{"taxonomy":"category","embeddable":true,"href":"https:\/\/magiadigital933.com.mx\/index.php\/wp-json\/wp\/v2\/categories?post=2635"},{"taxonomy":"post_tag","embeddable":true,"href":"https:\/\/magiadigital933.com.mx\/index.php\/wp-json\/wp\/v2\/tags?post=2635"}],"curies":[{"name":"wp","href":"https:\/\/api.w.org\/{rel}","templated":true}]}}