{"id":71601,"date":"2023-07-20T15:07:50","date_gmt":"2023-07-20T21:07:50","guid":{"rendered":"https:\/\/enblancoynegro.com.mx\/?p=71601"},"modified":"2023-07-26T22:15:22","modified_gmt":"2023-07-26T22:15:22","slug":"confirman-salida-de-laura-g-de-venga-la-alegria","status":"publish","type":"post","link":"https:\/\/magiadigital933.com.mx\/index.php\/2023\/07\/20\/confirman-salida-de-laura-g-de-venga-la-alegria\/","title":{"rendered":"Confirman salida de Laura G de &#8220;Venga la Alegr\u00eda&#8221;"},"content":{"rendered":"\n<p>Despu\u00e9s de varias especulaciones sobre el futuro de Laura G en el programa &#8220;Venga la Alegr\u00eda&#8221;, se ha confirmado que la presentadora dejar\u00e1 el matutino. Aunque a\u00fan no se ha hecho oficial la noticia, Flor Rubio, su compa\u00f1era en la emisi\u00f3n, fue quien dio a conocer la informaci\u00f3n, asegurando que Laura G vivir\u00e1 sus \u00faltimos d\u00edas frente a la c\u00e1mara a finales de este mismo mes, el 28 de julio.<\/p>\n\n\n\n<p>La decisi\u00f3n de su salida fue tomada por la propia Laura, y seg\u00fan Flor Rubio, no tiene que ver con pleitos con la producci\u00f3n, sino que se trata de una decisi\u00f3n personal. Laura est\u00e1 en una etapa de su vida en la que sus hijos son muy peque\u00f1os, y quiere dedicar tiempo a su familia y maternidad.<\/p>\n\n\n\n<p>Adem\u00e1s de dejar el programa, Laura G tambi\u00e9n dejar\u00e1 la ciudad, ya que regresar\u00e1 a su lugar de origen, Monterrey. Sin embargo, seguir\u00e1 al frente de su programa de radio. La presentadora no se pele\u00f3 con la conductora, Maru Due\u00f1as, y su decisi\u00f3n de no renovar el contrato fue por motivos personales.<\/p>\n\n\n\n<figure class=\"wp-block-image size-full\"><img decoding=\"async\" src=\"https:\/\/enblancoynegro.com.mx\/wp-content\/uploads\/2023\/07\/g01.png\" alt=\"\" class=\"wp-image-71603\"\/><\/figure>\n\n\n\n<p>Recientemente, surgieron rumores sobre la salida de Laura debido a supuestos roces con la productora, Maru Due\u00f1as, y la posibilidad de una oferta de trabajo en Estados Unidos. Sin embargo, seg\u00fan Flor Rubio, todas estas afirmaciones son falsas y la decisi\u00f3n de Laura G fue completamente suya, motivada por su deseo de enfocarse en su familia y regresar a su ciudad natal, Monterrey.<\/p>\n","protected":false},"excerpt":{"rendered":"<p>Despu\u00e9s de varias especulaciones sobre el futuro de Laura G en el programa &#8220;Venga la Alegr\u00eda&#8221;, se ha confirmado que la presentadora dejar\u00e1 el matutino. Aunque a\u00fan no se ha hecho oficial la noticia, Flor Rubio, su compa\u00f1era en la emisi\u00f3n, fue quien dio a conocer la informaci\u00f3n, asegurando que Laura G vivir\u00e1 sus \u00faltimos &hellip;<\/p>\n<p class=\"read-more\"> <a class=\"\" href=\"https:\/\/magiadigital933.com.mx\/index.php\/2023\/07\/20\/confirman-salida-de-laura-g-de-venga-la-alegria\/\"> <span class=\"screen-reader-text\">Confirman salida de Laura G de &#8220;Venga la Alegr\u00eda&#8221;<\/span> Leer m\u00e1s &raquo;<\/a><\/p>\n","protected":false},"author":7,"featured_media":71602,"comment_status":"closed","ping_status":"closed","sticky":false,"template":"","format":"standard","meta":{"site-sidebar-layout":"default","site-content-layout":"","ast-site-content-layout":"","site-content-style":"default","site-sidebar-style":"default","ast-global-header-display":"","ast-banner-title-visibility":"","ast-main-header-display":"","ast-hfb-above-header-display":"","ast-hfb-below-header-display":"","ast-hfb-mobile-header-display":"","site-post-title":"","ast-breadcrumbs-content":"","ast-featured-img":"","footer-sml-layout":"","theme-transparent-header-meta":"","adv-header-id-meta":"","stick-header-meta":"","header-above-stick-meta":"","header-main-stick-meta":"","header-below-stick-meta":"","astra-migrate-meta-layouts":"","footnotes":""},"categories":[33,36,34,35],"tags":[],"_links":{"self":[{"href":"https:\/\/magiadigital933.com.mx\/index.php\/wp-json\/wp\/v2\/posts\/71601"}],"collection":[{"href":"https:\/\/magiadigital933.com.mx\/index.php\/wp-json\/wp\/v2\/posts"}],"about":[{"href":"https:\/\/magiadigital933.com.mx\/index.php\/wp-json\/wp\/v2\/types\/post"}],"author":[{"embeddable":true,"href":"https:\/\/magiadigital933.com.mx\/index.php\/wp-json\/wp\/v2\/users\/7"}],"replies":[{"embeddable":true,"href":"https:\/\/magiadigital933.com.mx\/index.php\/wp-json\/wp\/v2\/comments?post=71601"}],"version-history":[{"count":1,"href":"https:\/\/magiadigital933.com.mx\/index.php\/wp-json\/wp\/v2\/posts\/71601\/revisions"}],"predecessor-version":[{"id":73022,"href":"https:\/\/magiadigital933.com.mx\/index.php\/wp-json\/wp\/v2\/posts\/71601\/revisions\/73022"}],"wp:featuredmedia":[{"embeddable":true,"href":"https:\/\/magiadigital933.com.mx\/index.php\/wp-json\/"}],"wp:attachment":[{"href":"https:\/\/magiadigital933.com.mx\/index.php\/wp-json\/wp\/v2\/media?parent=71601"}],"wp:term":[{"taxonomy":"category","embeddable":true,"href":"https:\/\/magiadigital933.com.mx\/index.php\/wp-json\/wp\/v2\/categories?post=71601"},{"taxonomy":"post_tag","embeddable":true,"href":"https:\/\/magiadigital933.com.mx\/index.php\/wp-json\/wp\/v2\/tags?post=71601"}],"curies":[{"name":"wp","href":"https:\/\/api.w.org\/{rel}","templated":true}]}}