{"id":73940,"date":"2023-08-01T17:56:15","date_gmt":"2023-08-01T17:56:15","guid":{"rendered":"https:\/\/enblancoynegro.com.mx\/?p=73940"},"modified":"2023-08-01T21:50:18","modified_gmt":"2023-08-01T21:50:18","slug":"eduin-caz-anuncia-su-retiro-de-los-escenarios-durante-su-cumpleanos-numero-30","status":"publish","type":"post","link":"https:\/\/magiadigital933.com.mx\/index.php\/2023\/08\/01\/eduin-caz-anuncia-su-retiro-de-los-escenarios-durante-su-cumpleanos-numero-30\/","title":{"rendered":"Eduin Caz anuncia su retiro de los escenarios durante su cumplea\u00f1os n\u00famero 30"},"content":{"rendered":"\n<p>En medio de su celebraci\u00f3n de cumplea\u00f1os n\u00famero 30, Eduin Caz, el vocalista de Grupo Firme, sorprendi\u00f3 a sus seguidores con un importante anuncio que dej\u00f3 un sabor agridulce en sus corazones.<\/p>\n\n\n\n<p>Mientras disfrutaba de una noche espectacular en Costa Rica junto al resto de su agrupaci\u00f3n, Eduin recibi\u00f3 una c\u00e1lida acogida de sus fans, quienes corearon todas sus canciones con entusiasmo. Adem\u00e1s, sus compa\u00f1eros de banda le gastaron una divertida broma en el escenario, a\u00f1adiendo un toque de diversi\u00f3n a la ocasi\u00f3n.<\/p>\n\n\n\n<p>No obstante, al concluir el concierto, el int\u00e9rprete de &#8220;Ya sup\u00e9rame&#8221; comparti\u00f3 un emotivo mensaje en su cuenta oficial de Instagram, agradeciendo por otro a\u00f1o de vida y anunciando que tomar\u00e1 un receso temporal en su carrera musical despu\u00e9s de terminar la gira con Grupo Firme.<\/p>\n\n\n\n<p>En su mensaje, Eduin explic\u00f3 que, aunque no se arrepiente de su trayectoria, ha sentido una inestabilidad emocional en su vida debido a la realizaci\u00f3n de una meta personal que persegu\u00eda. Por lo tanto, considera que es hora de tomar un tiempo para reflexionar y reconciliarse consigo mismo, recuperando lo que ha perdido en el camino.<\/p>\n\n\n\n<p>Aclar\u00f3 que este retiro no significa que Grupo Firme se desintegrar\u00e1 o que buscar\u00e1 una carrera en solitario, sino que necesita dedicarse a su bienestar personal. El cantante enfatiz\u00f3 que no es el fin de la banda y que cumplir\u00e1 con las \u00faltimas tres fechas programadas antes de tomar su tiempo para recuperar su vida.<\/p>\n\n\n\n<p>Las palabras de Eduin provocaron diversas reacciones entre sus seguidores. Mientras muchos lamentaron su decisi\u00f3n, tambi\u00e9n le expresaron su total apoyo y le instaron a priorizar su familia. Los fans prometieron estar esper\u00e1ndolo cuando se sienta listo para regresar, comprensivos de que la salud emocional y personal es esencial en su carrera art\u00edstica.<\/p>\n\n\n\n<p>Los mensajes de aliento incluyeron palabras como: &#8220;Recupera lo m\u00e1s hermoso que hay en la vida, tu familia&#8221;, &#8220;Te aplaudo por darle prioridad a lo que realmente importa&#8221;, &#8220;Grupo Firme no ser\u00e1 lo mismo sin ti, pero te apoyamos en tu decisi\u00f3n&#8221;, &#8220;Tu p\u00fablico siempre estar\u00e1 aqu\u00ed para ti&#8221;, &#8220;Descansa, renu\u00e9vate y vuelve con m\u00e1s fuerza&#8221;, entre otros.<\/p>\n","protected":false},"excerpt":{"rendered":"<p>En medio de su celebraci\u00f3n de cumplea\u00f1os n\u00famero 30, Eduin Caz, el vocalista de Grupo Firme, sorprendi\u00f3 a sus seguidores con un importante anuncio que dej\u00f3 un sabor agridulce en sus corazones. Mientras disfrutaba de una noche espectacular en Costa Rica junto al resto de su agrupaci\u00f3n, Eduin recibi\u00f3 una c\u00e1lida acogida de sus fans, &hellip;<\/p>\n<p class=\"read-more\"> <a class=\"\" href=\"https:\/\/magiadigital933.com.mx\/index.php\/2023\/08\/01\/eduin-caz-anuncia-su-retiro-de-los-escenarios-durante-su-cumpleanos-numero-30\/\"> <span class=\"screen-reader-text\">Eduin Caz anuncia su retiro de los escenarios durante su cumplea\u00f1os n\u00famero 30<\/span> Leer m\u00e1s &raquo;<\/a><\/p>\n","protected":false},"author":7,"featured_media":73976,"comment_status":"closed","ping_status":"closed","sticky":false,"template":"","format":"standard","meta":{"site-sidebar-layout":"default","site-content-layout":"","ast-site-content-layout":"","site-content-style":"default","site-sidebar-style":"default","ast-global-header-display":"","ast-banner-title-visibility":"","ast-main-header-display":"","ast-hfb-above-header-display":"","ast-hfb-below-header-display":"","ast-hfb-mobile-header-display":"","site-post-title":"","ast-breadcrumbs-content":"","ast-featured-img":"","footer-sml-layout":"","theme-transparent-header-meta":"","adv-header-id-meta":"","stick-header-meta":"","header-above-stick-meta":"","header-main-stick-meta":"","header-below-stick-meta":"","astra-migrate-meta-layouts":"","footnotes":""},"categories":[33,36,34,35],"tags":[],"_links":{"self":[{"href":"https:\/\/magiadigital933.com.mx\/index.php\/wp-json\/wp\/v2\/posts\/73940"}],"collection":[{"href":"https:\/\/magiadigital933.com.mx\/index.php\/wp-json\/wp\/v2\/posts"}],"about":[{"href":"https:\/\/magiadigital933.com.mx\/index.php\/wp-json\/wp\/v2\/types\/post"}],"author":[{"embeddable":true,"href":"https:\/\/magiadigital933.com.mx\/index.php\/wp-json\/wp\/v2\/users\/7"}],"replies":[{"embeddable":true,"href":"https:\/\/magiadigital933.com.mx\/index.php\/wp-json\/wp\/v2\/comments?post=73940"}],"version-history":[{"count":1,"href":"https:\/\/magiadigital933.com.mx\/index.php\/wp-json\/wp\/v2\/posts\/73940\/revisions"}],"predecessor-version":[{"id":73977,"href":"https:\/\/magiadigital933.com.mx\/index.php\/wp-json\/wp\/v2\/posts\/73940\/revisions\/73977"}],"wp:featuredmedia":[{"embeddable":true,"href":"https:\/\/magiadigital933.com.mx\/index.php\/wp-json\/wp\/v2\/media\/73976"}],"wp:attachment":[{"href":"https:\/\/magiadigital933.com.mx\/index.php\/wp-json\/wp\/v2\/media?parent=73940"}],"wp:term":[{"taxonomy":"category","embeddable":true,"href":"https:\/\/magiadigital933.com.mx\/index.php\/wp-json\/wp\/v2\/categories?post=73940"},{"taxonomy":"post_tag","embeddable":true,"href":"https:\/\/magiadigital933.com.mx\/index.php\/wp-json\/wp\/v2\/tags?post=73940"}],"curies":[{"name":"wp","href":"https:\/\/api.w.org\/{rel}","templated":true}]}}