{"id":73954,"date":"2023-08-01T17:56:51","date_gmt":"2023-08-01T17:56:51","guid":{"rendered":"https:\/\/enblancoynegro.com.mx\/?p=73954"},"modified":"2023-08-01T21:50:18","modified_gmt":"2023-08-01T21:50:18","slug":"los-corridos-tumbados-no-son-regional-mexicano-afirma-julio-preciado","status":"publish","type":"post","link":"https:\/\/magiadigital933.com.mx\/index.php\/2023\/08\/01\/los-corridos-tumbados-no-son-regional-mexicano-afirma-julio-preciado\/","title":{"rendered":"Los corridos tumbados no son regional mexicano, afirma Julio Preciado"},"content":{"rendered":"\n<p>Julio Preciado, ex vocalista de El Recodo, ha vuelto a tocar el tema de los corridos tumbados en una entrevista. Despu\u00e9s de su cr\u00edtica hacia el Festival Arre, donde se presentar\u00e1n artistas como Peso Pluma, Natanael Cano y Fuerza Regida, ahora afirma que esta nueva corriente musical no pertenece al g\u00e9nero regional mexicano.<\/p>\n\n\n\n<p>Durante una charla en el programa de espect\u00e1culos &#8220;De primera mano&#8221;, el conductor Lalo Carrillo le pregunt\u00f3 sobre su opini\u00f3n respecto a los corridos tumbados despu\u00e9s de que los hubiera mencionado anteriormente. Julio Preciado respondi\u00f3 que no puede ubicarlos como parte del g\u00e9nero regional mexicano.<\/p>\n\n\n\n<p>Tambi\u00e9n mencion\u00f3 que durante una gira junto a Luis \u00c1ngel &#8220;El Flaco&#8221; y El Mimoso, se pusieron a analizar en qu\u00e9 g\u00e9nero quedar\u00edan los corridos tumbados debido a que no cuentan con una trayectoria clara dentro del regional mexicano. Como resultado, propuso la creaci\u00f3n de un nuevo casillero dentro de la m\u00fasica mexicana para este tipo de m\u00fasica.<\/p>\n\n\n\n<figure class=\"wp-block-image size-full\"><img decoding=\"async\" src=\"https:\/\/enblancoynegro.com.mx\/wp-content\/uploads\/2023\/07\/julio02-4.png\" alt=\"\" class=\"wp-image-73956\"\/><\/figure>\n\n\n\n<p>El cantante enfatiz\u00f3 que no est\u00e1n en contra de este movimiento, ya que est\u00e1 poniendo a M\u00e9xico en alto a nivel internacional, pero coinciden en que no encaja directamente en el g\u00e9nero regional mexicano.<\/p>\n\n\n\n<p>Julio Preciado tambi\u00e9n expres\u00f3 su desagrado con el Festival Arre, donde los artistas de corridos tumbados aparecen como estelares en lugar de figuras consolidadas como Ram\u00f3n Ayala y Alicia Villarreal. Para \u00e9l, esto representa una falta de respeto hacia estos artistas m\u00e1s tradicionales y considera que no es adecuado que ellos abran para los artistas del g\u00e9nero de moda.<\/p>\n\n\n\n<p>En resumen, Julio Preciado considera que los corridos tumbados necesitan su propio espacio en la m\u00fasica mexicana y muestra su preocupaci\u00f3n por el lugar que est\u00e1n ocupando en festivales y eventos donde antes predominaban artistas con una trayectoria m\u00e1s establecida en el regional mexicano.<\/p>\n","protected":false},"excerpt":{"rendered":"<p>Julio Preciado, ex vocalista de El Recodo, ha vuelto a tocar el tema de los corridos tumbados en una entrevista. Despu\u00e9s de su cr\u00edtica hacia el Festival Arre, donde se presentar\u00e1n artistas como Peso Pluma, Natanael Cano y Fuerza Regida, ahora afirma que esta nueva corriente musical no pertenece al g\u00e9nero regional mexicano. Durante una &hellip;<\/p>\n<p class=\"read-more\"> <a class=\"\" href=\"https:\/\/magiadigital933.com.mx\/index.php\/2023\/08\/01\/los-corridos-tumbados-no-son-regional-mexicano-afirma-julio-preciado\/\"> <span class=\"screen-reader-text\">Los corridos tumbados no son regional mexicano, afirma Julio Preciado<\/span> Leer m\u00e1s &raquo;<\/a><\/p>\n","protected":false},"author":7,"featured_media":73978,"comment_status":"closed","ping_status":"closed","sticky":false,"template":"","format":"standard","meta":{"site-sidebar-layout":"default","site-content-layout":"","ast-site-content-layout":"","site-content-style":"default","site-sidebar-style":"default","ast-global-header-display":"","ast-banner-title-visibility":"","ast-main-header-display":"","ast-hfb-above-header-display":"","ast-hfb-below-header-display":"","ast-hfb-mobile-header-display":"","site-post-title":"","ast-breadcrumbs-content":"","ast-featured-img":"","footer-sml-layout":"","theme-transparent-header-meta":"","adv-header-id-meta":"","stick-header-meta":"","header-above-stick-meta":"","header-main-stick-meta":"","header-below-stick-meta":"","astra-migrate-meta-layouts":"","footnotes":""},"categories":[33,34,35],"tags":[],"_links":{"self":[{"href":"https:\/\/magiadigital933.com.mx\/index.php\/wp-json\/wp\/v2\/posts\/73954"}],"collection":[{"href":"https:\/\/magiadigital933.com.mx\/index.php\/wp-json\/wp\/v2\/posts"}],"about":[{"href":"https:\/\/magiadigital933.com.mx\/index.php\/wp-json\/wp\/v2\/types\/post"}],"author":[{"embeddable":true,"href":"https:\/\/magiadigital933.com.mx\/index.php\/wp-json\/wp\/v2\/users\/7"}],"replies":[{"embeddable":true,"href":"https:\/\/magiadigital933.com.mx\/index.php\/wp-json\/wp\/v2\/comments?post=73954"}],"version-history":[{"count":1,"href":"https:\/\/magiadigital933.com.mx\/index.php\/wp-json\/wp\/v2\/posts\/73954\/revisions"}],"predecessor-version":[{"id":73979,"href":"https:\/\/magiadigital933.com.mx\/index.php\/wp-json\/wp\/v2\/posts\/73954\/revisions\/73979"}],"wp:featuredmedia":[{"embeddable":true,"href":"https:\/\/magiadigital933.com.mx\/index.php\/wp-json\/wp\/v2\/media\/73978"}],"wp:attachment":[{"href":"https:\/\/magiadigital933.com.mx\/index.php\/wp-json\/wp\/v2\/media?parent=73954"}],"wp:term":[{"taxonomy":"category","embeddable":true,"href":"https:\/\/magiadigital933.com.mx\/index.php\/wp-json\/wp\/v2\/categories?post=73954"},{"taxonomy":"post_tag","embeddable":true,"href":"https:\/\/magiadigital933.com.mx\/index.php\/wp-json\/wp\/v2\/tags?post=73954"}],"curies":[{"name":"wp","href":"https:\/\/api.w.org\/{rel}","templated":true}]}}