{"id":73958,"date":"2023-08-01T17:57:40","date_gmt":"2023-08-01T17:57:40","guid":{"rendered":"https:\/\/enblancoynegro.com.mx\/?p=73958"},"modified":"2023-08-01T21:50:18","modified_gmt":"2023-08-01T21:50:18","slug":"los-dos-carnales-acuden-con-su-mama-a-recibir-premio-en-colombia","status":"publish","type":"post","link":"https:\/\/magiadigital933.com.mx\/index.php\/2023\/08\/01\/los-dos-carnales-acuden-con-su-mama-a-recibir-premio-en-colombia\/","title":{"rendered":"&#8216;Los Dos Carnales&#8217; acuden con su mam\u00e1 a recibir premio en Colombia"},"content":{"rendered":"\n<p>La agrupaci\u00f3n &#8220;Los Dos Carnales&#8221;, originaria de San Pedro, Coahuila, fue reconocida como la Mejor Agrupaci\u00f3n del Regional Mexicano en los Monitor Music Awards en Colombia. Este galard\u00f3n refuerza el \u00e9xito que los hermanos Poncho e Imanol Quezada han logrado en tierras colombianas desde que comenzaron su carrera art\u00edstica.<\/p>\n\n\n\n<p>El evento musical tuvo lugar en Santa Marta, Colombia, y los hermanos Quezada compitieron por el premio junto a otras agrupaciones reconocidas del g\u00e9nero regional mexicano, como Grupo Frontera, Calibre 50, Banda Carnaval, entre otros.<\/p>\n\n\n\n<figure class=\"wp-block-image size-full\"><img decoding=\"async\" src=\"https:\/\/enblancoynegro.com.mx\/wp-content\/uploads\/2023\/07\/carnales02.png\" alt=\"\" class=\"wp-image-73960\"\/><\/figure>\n\n\n\n<p>Desde el escenario colombiano, Los Dos Carnales enviaron saludos a todos los mexicanos y destacaron la presencia de sus padres en el evento. A trav\u00e9s de sus redes sociales, expresaron que recibir un beso de ellos los hace sentir millonarios y agradecieron el apoyo de su madre.<\/p>\n\n\n\n<p>En San Pedro, Coahuila, donde Los Dos Carnales tienen sus ra\u00edces, varias agrupaciones locales felicitaron a los hermanos por su \u00e9xito. El alcalde de la localidad, David Ruiz, tambi\u00e9n se sum\u00f3 a las felicitaciones, enorgulleci\u00e9ndose del logro de los artistas y resaltando que siguen llevando el nombre de San Pedro, Coahuila, en alto alrededor del mundo. El reconocimiento como la Mejor Agrupaci\u00f3n del Regional Mexicano en los Monitor Music Awards en Colombia es un logro significativo para Los Dos Carnales y un reconocimiento a su talento y dedicaci\u00f3n en la industria musical<\/p>\n","protected":false},"excerpt":{"rendered":"<p>La agrupaci\u00f3n &#8220;Los Dos Carnales&#8221;, originaria de San Pedro, Coahuila, fue reconocida como la Mejor Agrupaci\u00f3n del Regional Mexicano en los Monitor Music Awards en Colombia. Este galard\u00f3n refuerza el \u00e9xito que los hermanos Poncho e Imanol Quezada han logrado en tierras colombianas desde que comenzaron su carrera art\u00edstica. El evento musical tuvo lugar en &hellip;<\/p>\n<p class=\"read-more\"> <a class=\"\" href=\"https:\/\/magiadigital933.com.mx\/index.php\/2023\/08\/01\/los-dos-carnales-acuden-con-su-mama-a-recibir-premio-en-colombia\/\"> <span class=\"screen-reader-text\">&#8216;Los Dos Carnales&#8217; acuden con su mam\u00e1 a recibir premio en Colombia<\/span> Leer m\u00e1s &raquo;<\/a><\/p>\n","protected":false},"author":7,"featured_media":73981,"comment_status":"closed","ping_status":"closed","sticky":false,"template":"","format":"standard","meta":{"site-sidebar-layout":"default","site-content-layout":"","ast-site-content-layout":"","site-content-style":"default","site-sidebar-style":"default","ast-global-header-display":"","ast-banner-title-visibility":"","ast-main-header-display":"","ast-hfb-above-header-display":"","ast-hfb-below-header-display":"","ast-hfb-mobile-header-display":"","site-post-title":"","ast-breadcrumbs-content":"","ast-featured-img":"","footer-sml-layout":"","theme-transparent-header-meta":"","adv-header-id-meta":"","stick-header-meta":"","header-above-stick-meta":"","header-main-stick-meta":"","header-below-stick-meta":"","astra-migrate-meta-layouts":"","footnotes":""},"categories":[33,36,34,35],"tags":[],"_links":{"self":[{"href":"https:\/\/magiadigital933.com.mx\/index.php\/wp-json\/wp\/v2\/posts\/73958"}],"collection":[{"href":"https:\/\/magiadigital933.com.mx\/index.php\/wp-json\/wp\/v2\/posts"}],"about":[{"href":"https:\/\/magiadigital933.com.mx\/index.php\/wp-json\/wp\/v2\/types\/post"}],"author":[{"embeddable":true,"href":"https:\/\/magiadigital933.com.mx\/index.php\/wp-json\/wp\/v2\/users\/7"}],"replies":[{"embeddable":true,"href":"https:\/\/magiadigital933.com.mx\/index.php\/wp-json\/wp\/v2\/comments?post=73958"}],"version-history":[{"count":1,"href":"https:\/\/magiadigital933.com.mx\/index.php\/wp-json\/wp\/v2\/posts\/73958\/revisions"}],"predecessor-version":[{"id":73982,"href":"https:\/\/magiadigital933.com.mx\/index.php\/wp-json\/wp\/v2\/posts\/73958\/revisions\/73982"}],"wp:featuredmedia":[{"embeddable":true,"href":"https:\/\/magiadigital933.com.mx\/index.php\/wp-json\/wp\/v2\/media\/73981"}],"wp:attachment":[{"href":"https:\/\/magiadigital933.com.mx\/index.php\/wp-json\/wp\/v2\/media?parent=73958"}],"wp:term":[{"taxonomy":"category","embeddable":true,"href":"https:\/\/magiadigital933.com.mx\/index.php\/wp-json\/wp\/v2\/categories?post=73958"},{"taxonomy":"post_tag","embeddable":true,"href":"https:\/\/magiadigital933.com.mx\/index.php\/wp-json\/wp\/v2\/tags?post=73958"}],"curies":[{"name":"wp","href":"https:\/\/api.w.org\/{rel}","templated":true}]}}