{"id":76176,"date":"2023-08-14T12:37:34","date_gmt":"2023-08-14T18:37:34","guid":{"rendered":"https:\/\/enblancoynegro.com.mx\/?p=76176"},"modified":"2023-08-14T19:31:58","modified_gmt":"2023-08-14T19:31:58","slug":"yahritza-y-su-esencia-expresan-interes-en-colaborar-con-karol-g-aunque-les-senalan-su-humildad","status":"publish","type":"post","link":"https:\/\/magiadigital933.com.mx\/index.php\/2023\/08\/14\/yahritza-y-su-esencia-expresan-interes-en-colaborar-con-karol-g-aunque-les-senalan-su-humildad\/","title":{"rendered":"Yahritza y Su Esencia expresan inter\u00e9s en colaborar con Karol G, aunque les se\u00f1alan su humildad"},"content":{"rendered":"\n<p>Yahritza y Su Esencia han emergido como una agrupaci\u00f3n ampliamente reconocida en las redes sociales, no solo debido a su m\u00fasica, sino tambi\u00e9n por sus declaraciones controvertidas. En esta ocasi\u00f3n, han expresado su deseo de colaborar con Karol G, lo que ha generado una discusi\u00f3n en torno a sus opiniones.<\/p>\n\n\n\n<p>Durante una entrevista en una alfombra rosa, a Yahritza y Su Esencia les preguntaron con qui\u00e9n les gustar\u00eda colaborar en el futuro. Sin demora, mencionaron a Karol G, ya que tanto Yahritza como su hermana mayor, Adree Mart\u00ednez, son admiradoras de la cantante colombiana.<\/p>\n\n\n\n<p>Si bien Yahritza y Su Esencia son parte del g\u00e9nero regional mexicano, tambi\u00e9n han mostrado afinidad por la m\u00fasica urbana y llevan una est\u00e9tica similar a la de Karol G.<\/p>\n\n\n\n<figure class=\"wp-block-image size-full\"><img decoding=\"async\" src=\"https:\/\/enblancoynegro.com.mx\/wp-content\/uploads\/2023\/08\/g2.png\" alt=\"\" class=\"wp-image-76179\"\/><\/figure>\n\n\n\n<p>&#8220;Ellas saben que la bebecita es una artista incre\u00edble y ser\u00eda genial hacer algo juntas en un concierto&#8221;, &#8220;Karol G es una artista que se enorgullece de sus ra\u00edces y nosotros tambi\u00e9n nos enorgullecemos de tenerla cerca&#8221;, &#8220;Karol es humilde&#8221;, &#8220;Deber\u00edan colaborar con \u00c1ngela Aguilar y as\u00ed mostrar respeto hacia M\u00e9xico&#8221;, son algunos de los comentarios en las redes sociales.<\/p>\n\n\n\n<p>A pesar de las controversias en las que Yahritza y Su Esencia se han visto envueltas, como sus comentarios menospreciando a M\u00e9xico, la agrupaci\u00f3n contin\u00faa adelante, haciendo caso omiso del odio que a menudo se vierte en las redes sociales.<\/p>\n","protected":false},"excerpt":{"rendered":"<p>Yahritza y Su Esencia han emergido como una agrupaci\u00f3n ampliamente reconocida en las redes sociales, no solo debido a su m\u00fasica, sino tambi\u00e9n por sus declaraciones controvertidas. En esta ocasi\u00f3n, han expresado su deseo de colaborar con Karol G, lo que ha generado una discusi\u00f3n en torno a sus opiniones. Durante una entrevista en una &hellip;<\/p>\n<p class=\"read-more\"> <a class=\"\" href=\"https:\/\/magiadigital933.com.mx\/index.php\/2023\/08\/14\/yahritza-y-su-esencia-expresan-interes-en-colaborar-con-karol-g-aunque-les-senalan-su-humildad\/\"> <span class=\"screen-reader-text\">Yahritza y Su Esencia expresan inter\u00e9s en colaborar con Karol G, aunque les se\u00f1alan su humildad<\/span> Leer m\u00e1s &raquo;<\/a><\/p>\n","protected":false},"author":7,"featured_media":76611,"comment_status":"closed","ping_status":"closed","sticky":false,"template":"","format":"standard","meta":{"site-sidebar-layout":"default","site-content-layout":"","ast-site-content-layout":"","site-content-style":"default","site-sidebar-style":"default","ast-global-header-display":"","ast-banner-title-visibility":"","ast-main-header-display":"","ast-hfb-above-header-display":"","ast-hfb-below-header-display":"","ast-hfb-mobile-header-display":"","site-post-title":"","ast-breadcrumbs-content":"","ast-featured-img":"","footer-sml-layout":"","theme-transparent-header-meta":"","adv-header-id-meta":"","stick-header-meta":"","header-above-stick-meta":"","header-main-stick-meta":"","header-below-stick-meta":"","astra-migrate-meta-layouts":"","footnotes":""},"categories":[33,34,35],"tags":[],"_links":{"self":[{"href":"https:\/\/magiadigital933.com.mx\/index.php\/wp-json\/wp\/v2\/posts\/76176"}],"collection":[{"href":"https:\/\/magiadigital933.com.mx\/index.php\/wp-json\/wp\/v2\/posts"}],"about":[{"href":"https:\/\/magiadigital933.com.mx\/index.php\/wp-json\/wp\/v2\/types\/post"}],"author":[{"embeddable":true,"href":"https:\/\/magiadigital933.com.mx\/index.php\/wp-json\/wp\/v2\/users\/7"}],"replies":[{"embeddable":true,"href":"https:\/\/magiadigital933.com.mx\/index.php\/wp-json\/wp\/v2\/comments?post=76176"}],"version-history":[{"count":1,"href":"https:\/\/magiadigital933.com.mx\/index.php\/wp-json\/wp\/v2\/posts\/76176\/revisions"}],"predecessor-version":[{"id":76608,"href":"https:\/\/magiadigital933.com.mx\/index.php\/wp-json\/wp\/v2\/posts\/76176\/revisions\/76608"}],"wp:featuredmedia":[{"embeddable":true,"href":"https:\/\/magiadigital933.com.mx\/index.php\/wp-json\/wp\/v2\/media\/76611"}],"wp:attachment":[{"href":"https:\/\/magiadigital933.com.mx\/index.php\/wp-json\/wp\/v2\/media?parent=76176"}],"wp:term":[{"taxonomy":"category","embeddable":true,"href":"https:\/\/magiadigital933.com.mx\/index.php\/wp-json\/wp\/v2\/categories?post=76176"},{"taxonomy":"post_tag","embeddable":true,"href":"https:\/\/magiadigital933.com.mx\/index.php\/wp-json\/wp\/v2\/tags?post=76176"}],"curies":[{"name":"wp","href":"https:\/\/api.w.org\/{rel}","templated":true}]}}