{"id":77647,"date":"2023-08-22T23:04:40","date_gmt":"2023-08-22T23:04:40","guid":{"rendered":"https:\/\/enblancoynegro.com.mx\/?p=77647"},"modified":"2023-08-22T23:04:40","modified_gmt":"2023-08-22T23:04:40","slug":"banda-los-recoditos-lanza-nuevo-sencillo-vas-a-querer-volver","status":"publish","type":"post","link":"https:\/\/magiadigital933.com.mx\/index.php\/2023\/08\/22\/banda-los-recoditos-lanza-nuevo-sencillo-vas-a-querer-volver\/","title":{"rendered":"Banda Los Recoditos lanza nuevo sencillo \u201cVas a querer volver\u201d"},"content":{"rendered":"\n<p><\/p>\n\n\n\n<p>La exitosa agrupaci\u00f3n Banda Los Recoditos ha lanzado un nuevo sencillo titulado &#8220;Vas a Querer Volver&#8221;, siguiendo el gran \u00e9xito que obtuvieron con su \u00e1lbum anterior, &#8216;\u00bfEN QU\u00c9 LES MOLESTA?&#8217;. El nuevo tema es una balada ranchera que aborda el tema de las segundas oportunidades en las relaciones amorosas, especialmente dirigida a aquellos &#8220;ex&#8221; que se arrepienten y desean regresar despu\u00e9s de haber abandonado o enga\u00f1ado a sus parejas.<\/p>\n\n\n\n<p>&#8220;Vas a Querer Volver&#8221; marca el inicio de una nueva etapa para Banda Los Recoditos, ya que es el primer sencillo de su pr\u00f3xima producci\u00f3n discogr\u00e1fica, que a\u00fan est\u00e1 en proceso de grabaci\u00f3n y promete sorpresas para sus seguidores.<\/p>\n\n\n\n<figure class=\"wp-block-image size-full\"><img decoding=\"async\" src=\"https:\/\/enblancoynegro.com.mx\/wp-content\/uploads\/2023\/08\/reco02.png\" alt=\"\" class=\"wp-image-77650\"\/><\/figure>\n\n\n\n<p>Tras unas merecidas vacaciones, la banda ha retomado su gira de conciertos y ha incluido &#8220;Vas a Querer Volver&#8221; en su repertorio musical. El sencillo ya est\u00e1 disponible en todas las plataformas digitales, as\u00ed como el video musical que los fan\u00e1ticos pueden disfrutar en el canal oficial de Banda Los Recoditos en YouTube.<\/p>\n\n\n\n<p>Con este lanzamiento, Banda Los Recoditos contin\u00faa consolid\u00e1ndose como una de las agrupaciones m\u00e1s destacadas en el g\u00e9nero de la m\u00fasica regional mexicana, cautivando a su p\u00fablico con sus emotivas baladas y su estilo \u00fanico.<\/p>\n","protected":false},"excerpt":{"rendered":"<p>La exitosa agrupaci\u00f3n Banda Los Recoditos ha lanzado un nuevo sencillo titulado &#8220;Vas a Querer Volver&#8221;, siguiendo el gran \u00e9xito que obtuvieron con su \u00e1lbum anterior, &#8216;\u00bfEN QU\u00c9 LES MOLESTA?&#8217;. El nuevo tema es una balada ranchera que aborda el tema de las segundas oportunidades en las relaciones amorosas, especialmente dirigida a aquellos &#8220;ex&#8221; que &hellip;<\/p>\n<p class=\"read-more\"> <a class=\"\" href=\"https:\/\/magiadigital933.com.mx\/index.php\/2023\/08\/22\/banda-los-recoditos-lanza-nuevo-sencillo-vas-a-querer-volver\/\"> <span class=\"screen-reader-text\">Banda Los Recoditos lanza nuevo sencillo \u201cVas a querer volver\u201d<\/span> Leer m\u00e1s &raquo;<\/a><\/p>\n","protected":false},"author":7,"featured_media":77670,"comment_status":"closed","ping_status":"closed","sticky":false,"template":"","format":"standard","meta":{"site-sidebar-layout":"default","site-content-layout":"","ast-site-content-layout":"","site-content-style":"default","site-sidebar-style":"default","ast-global-header-display":"","ast-banner-title-visibility":"","ast-main-header-display":"","ast-hfb-above-header-display":"","ast-hfb-below-header-display":"","ast-hfb-mobile-header-display":"","site-post-title":"","ast-breadcrumbs-content":"","ast-featured-img":"","footer-sml-layout":"","theme-transparent-header-meta":"","adv-header-id-meta":"","stick-header-meta":"","header-above-stick-meta":"","header-main-stick-meta":"","header-below-stick-meta":"","astra-migrate-meta-layouts":"","footnotes":""},"categories":[33,36,34,35],"tags":[],"_links":{"self":[{"href":"https:\/\/magiadigital933.com.mx\/index.php\/wp-json\/wp\/v2\/posts\/77647"}],"collection":[{"href":"https:\/\/magiadigital933.com.mx\/index.php\/wp-json\/wp\/v2\/posts"}],"about":[{"href":"https:\/\/magiadigital933.com.mx\/index.php\/wp-json\/wp\/v2\/types\/post"}],"author":[{"embeddable":true,"href":"https:\/\/magiadigital933.com.mx\/index.php\/wp-json\/wp\/v2\/users\/7"}],"replies":[{"embeddable":true,"href":"https:\/\/magiadigital933.com.mx\/index.php\/wp-json\/wp\/v2\/comments?post=77647"}],"version-history":[{"count":1,"href":"https:\/\/magiadigital933.com.mx\/index.php\/wp-json\/wp\/v2\/posts\/77647\/revisions"}],"predecessor-version":[{"id":77667,"href":"https:\/\/magiadigital933.com.mx\/index.php\/wp-json\/wp\/v2\/posts\/77647\/revisions\/77667"}],"wp:featuredmedia":[{"embeddable":true,"href":"https:\/\/magiadigital933.com.mx\/index.php\/wp-json\/wp\/v2\/media\/77670"}],"wp:attachment":[{"href":"https:\/\/magiadigital933.com.mx\/index.php\/wp-json\/wp\/v2\/media?parent=77647"}],"wp:term":[{"taxonomy":"category","embeddable":true,"href":"https:\/\/magiadigital933.com.mx\/index.php\/wp-json\/wp\/v2\/categories?post=77647"},{"taxonomy":"post_tag","embeddable":true,"href":"https:\/\/magiadigital933.com.mx\/index.php\/wp-json\/wp\/v2\/tags?post=77647"}],"curies":[{"name":"wp","href":"https:\/\/api.w.org\/{rel}","templated":true}]}}