{"id":79033,"date":"2023-08-28T22:57:35","date_gmt":"2023-08-28T22:57:35","guid":{"rendered":"https:\/\/enblancoynegro.com.mx\/?p=79033"},"modified":"2023-08-28T22:57:35","modified_gmt":"2023-08-28T22:57:35","slug":"eduin-caz-comparte-su-lucha-contra-el-cancer-durante-un-emotivo-espectaculo","status":"publish","type":"post","link":"https:\/\/magiadigital933.com.mx\/index.php\/2023\/08\/28\/eduin-caz-comparte-su-lucha-contra-el-cancer-durante-un-emotivo-espectaculo\/","title":{"rendered":"Eduin Caz comparte su lucha contra el c\u00e1ncer durante un emotivo espect\u00e1culo"},"content":{"rendered":"\n<p><\/p>\n\n\n\n<p>El \u00faltimo s\u00e1bado de agosto quedar\u00e1 grabado en la memoria como un d\u00eda lleno de sorpresas y sentimientos profundos en la Feria Nacional Potosina. Eduin Caz, la voz principal del Grupo Firme, impact\u00f3 a la multitud de m\u00e1s de 300 mil asistentes al concierto al revelar un aspecto personal que conmovi\u00f3 a todos. En medio de una actuaci\u00f3n que bati\u00f3 r\u00e9cords de asistencia, el cantante tom\u00f3 el micr\u00f3fono junto a su hermano, Jhonny Caz, para compartir una noticia asombrosa: hab\u00eda enfrentado y superado con \u00e9xito el c\u00e1ncer de es\u00f3fago despu\u00e9s de una intensa batalla.<\/p>\n\n\n\n<p>Con una admirable valent\u00eda, Eduin Caz no solo comparti\u00f3 su lucha contra el c\u00e1ncer, sino que tambi\u00e9n mostr\u00f3 las marcas visibles de la cirug\u00eda que atraves\u00f3 para combatir la enfermedad. El cantante revel\u00f3 m\u00e1s detalles con una franqueza que toc\u00f3 los corazones de los presentes.<\/p>\n\n\n\n<p>&#8220;Hasta ahora no lo hab\u00eda mencionado, pero observen estas marcas aqu\u00ed, cinco cicatrices que cuentan la historia de mi manga g\u00e1strica&#8230; Bien, creo que esta noche es el momento perfecto para hablarles sobre mi cirug\u00eda. Pueden buscarlo en l\u00ednea si lo desean. Esta ser\u00e1 la \u00fanica vez que lo mencionar\u00e9, y quiero que entiendan por qu\u00e9 estoy compartiendo esto&#8230; Quiero que lo comprendan. Soy una persona com\u00fan como cualquiera de ustedes. Canto, pero tambi\u00e9n siento. Comenz\u00f3 como una hernia hiatal que se complic\u00f3, y a m\u00ed no me import\u00f3&#8230; Luego evolucion\u00f3 a es\u00f3fago de Barrett y finalmente al c\u00e1ncer. As\u00ed como est\u00e1n sorprendidos ahora, yo tambi\u00e9n lo estuve el 4 de noviembre, lleno de incertidumbre&#8230; Pero busqu\u00e9 a los mejores m\u00e9dicos, me somet\u00ed a una cirug\u00eda y aqu\u00ed estoy&#8221;.<\/p>\n\n\n\n<p>En un momento de profunda intimidad y poder, Eduin explic\u00f3 las razones detr\u00e1s de su silencio previo sobre su enfermedad. Revel\u00f3 que no buscaba l\u00e1stima, sino que deseaba ser percibido como un individuo com\u00fan que enfrenta desaf\u00edos con determinaci\u00f3n y fuerza. Tambi\u00e9n comparti\u00f3 que un reciente examen m\u00e9dico arroj\u00f3 resultados positivos, confirmando su buena salud. &#8220;Nunca lo mencion\u00e9 porque no quiero que me vean con l\u00e1stima, \u00a1no, no, no! Pero acabo de someterme a un chequeo y estoy bien. Por lo tanto, debemos disfrutar, y esta noche es muy especial para amanecer&#8221;, subray\u00f3, inspirando a la audiencia a valorar cada momento.<\/p>\n\n\n\n<figure class=\"wp-block-image size-full\"><img decoding=\"async\" src=\"https:\/\/enblancoynegro.com.mx\/wp-content\/uploads\/2023\/08\/eduin1.png\" alt=\"\" class=\"wp-image-79035\"\/><\/figure>\n\n\n\n<p>La emoci\u00f3n no solo estuvo presente en Eduin, ya que su hermano Jhonny tambi\u00e9n celebr\u00f3 con orgullo la victoria sobre el c\u00e1ncer. Con un grito lleno de alegr\u00eda, Jhonny expres\u00f3 su felicidad por el triunfo de Eduin ante la enfermedad.<\/p>\n\n\n\n<p>La revelaci\u00f3n de Eduin Caz no solo resalt\u00f3 su fortaleza y valent\u00eda, sino que tambi\u00e9n transmiti\u00f3 un mensaje poderoso de esperanza y empoderamiento. Su historia enfatiza la importancia de la atenci\u00f3n m\u00e9dica temprana y el cuidado de la salud en todos los aspectos de la vida. M\u00e1s all\u00e1 de su m\u00fasica, el cantante ha dejado una huella inspiradora en la industria y en el coraz\u00f3n de sus seguidores, demostrando que la determinaci\u00f3n y el amor propio pueden superar los obst\u00e1culos m\u00e1s dif\u00edciles.<\/p>\n\n\n\n<p>El relato de Eduin Caz se convierte en una prueba irrefutable de que la determinaci\u00f3n y el cuidado adecuado pueden llevar a la victoria incluso en las circunstancias m\u00e1s desafiantes. Su historia, compartida en un escenario cargado de emociones, se suma al legado de superaci\u00f3n y esperanza que inspirar\u00e1 a muchos a enfrentar sus propias adversidades con coraje y tenacidad.<\/p>\n","protected":false},"excerpt":{"rendered":"<p>El \u00faltimo s\u00e1bado de agosto quedar\u00e1 grabado en la memoria como un d\u00eda lleno de sorpresas y sentimientos profundos en la Feria Nacional Potosina. Eduin Caz, la voz principal del Grupo Firme, impact\u00f3 a la multitud de m\u00e1s de 300 mil asistentes al concierto al revelar un aspecto personal que conmovi\u00f3 a todos. En medio &hellip;<\/p>\n<p class=\"read-more\"> <a class=\"\" href=\"https:\/\/magiadigital933.com.mx\/index.php\/2023\/08\/28\/eduin-caz-comparte-su-lucha-contra-el-cancer-durante-un-emotivo-espectaculo\/\"> <span class=\"screen-reader-text\">Eduin Caz comparte su lucha contra el c\u00e1ncer durante un emotivo espect\u00e1culo<\/span> Leer m\u00e1s &raquo;<\/a><\/p>\n","protected":false},"author":7,"featured_media":79083,"comment_status":"closed","ping_status":"closed","sticky":false,"template":"","format":"standard","meta":{"site-sidebar-layout":"default","site-content-layout":"","ast-site-content-layout":"","site-content-style":"default","site-sidebar-style":"default","ast-global-header-display":"","ast-banner-title-visibility":"","ast-main-header-display":"","ast-hfb-above-header-display":"","ast-hfb-below-header-display":"","ast-hfb-mobile-header-display":"","site-post-title":"","ast-breadcrumbs-content":"","ast-featured-img":"","footer-sml-layout":"","theme-transparent-header-meta":"","adv-header-id-meta":"","stick-header-meta":"","header-above-stick-meta":"","header-main-stick-meta":"","header-below-stick-meta":"","astra-migrate-meta-layouts":"","footnotes":""},"categories":[33,36,34,35],"tags":[],"_links":{"self":[{"href":"https:\/\/magiadigital933.com.mx\/index.php\/wp-json\/wp\/v2\/posts\/79033"}],"collection":[{"href":"https:\/\/magiadigital933.com.mx\/index.php\/wp-json\/wp\/v2\/posts"}],"about":[{"href":"https:\/\/magiadigital933.com.mx\/index.php\/wp-json\/wp\/v2\/types\/post"}],"author":[{"embeddable":true,"href":"https:\/\/magiadigital933.com.mx\/index.php\/wp-json\/wp\/v2\/users\/7"}],"replies":[{"embeddable":true,"href":"https:\/\/magiadigital933.com.mx\/index.php\/wp-json\/wp\/v2\/comments?post=79033"}],"version-history":[{"count":1,"href":"https:\/\/magiadigital933.com.mx\/index.php\/wp-json\/wp\/v2\/posts\/79033\/revisions"}],"predecessor-version":[{"id":79079,"href":"https:\/\/magiadigital933.com.mx\/index.php\/wp-json\/wp\/v2\/posts\/79033\/revisions\/79079"}],"wp:featuredmedia":[{"embeddable":true,"href":"https:\/\/magiadigital933.com.mx\/index.php\/wp-json\/wp\/v2\/media\/79083"}],"wp:attachment":[{"href":"https:\/\/magiadigital933.com.mx\/index.php\/wp-json\/wp\/v2\/media?parent=79033"}],"wp:term":[{"taxonomy":"category","embeddable":true,"href":"https:\/\/magiadigital933.com.mx\/index.php\/wp-json\/wp\/v2\/categories?post=79033"},{"taxonomy":"post_tag","embeddable":true,"href":"https:\/\/magiadigital933.com.mx\/index.php\/wp-json\/wp\/v2\/tags?post=79033"}],"curies":[{"name":"wp","href":"https:\/\/api.w.org\/{rel}","templated":true}]}}