{"id":79037,"date":"2023-08-28T22:58:43","date_gmt":"2023-08-28T22:58:43","guid":{"rendered":"https:\/\/enblancoynegro.com.mx\/?p=79037"},"modified":"2023-08-28T22:58:43","modified_gmt":"2023-08-28T22:58:43","slug":"los-temerarios-ponen-fin-a-su-trayectoria-de-46-anos-con-una-ultima-gira-hasta-siempre","status":"publish","type":"post","link":"https:\/\/magiadigital933.com.mx\/index.php\/2023\/08\/28\/los-temerarios-ponen-fin-a-su-trayectoria-de-46-anos-con-una-ultima-gira-hasta-siempre\/","title":{"rendered":"Los Temerarios ponen fin a su trayectoria de 46 a\u00f1os con una \u00faltima gira &#8220;Hasta Siempre&#8221;"},"content":{"rendered":"\n<p><\/p>\n\n\n\n<p>Despu\u00e9s de una exitosa carrera de 46 a\u00f1os, los hermanos que constituyeron el grupo Los Temerarios han decidido separarse, pero no sin antes ofrecer una emotiva despedida a sus seguidores a trav\u00e9s de su gira final &#8220;Hasta Siempre&#8221;.<\/p>\n\n\n\n<p>Mediante un comunicado reci\u00e9n compartido, Los Temerarios han anunciado su separaci\u00f3n despu\u00e9s de casi medio siglo de carrera musical, con fecha de este lunes 28 de agosto. Adolfo \u00c1ngel Alba, de 59 a\u00f1os, y Gustavo \u00c1ngel Alba, de 55 a\u00f1os, los hermanos fundadores de Los Temerarios, expresaron su gratitud hacia su p\u00fablico que los acompa\u00f1\u00f3 durante todos estos a\u00f1os de carrera.<\/p>\n\n\n\n<p>Para mitigar la tristeza por el final de Los Temerarios, quienes estuvieron activos durante casi cinco d\u00e9cadas, revelaron sus planes de llevar a cabo una gira de despedida. Esta gira, titulada &#8220;Hasta Siempre&#8221;, est\u00e1 programada para septiembre a noviembre de 2023 en Estados Unidos, mientras que en 2024 abarcar\u00e1 M\u00e9xico y Latinoam\u00e9rica.<\/p>\n\n\n\n<p>Aunque Los Temerarios hab\u00edan estado ausentes de los escenarios durante varios a\u00f1os, sus seguidores anhelaban su regreso y esperaban con entusiasmo una nueva gira. Sin embargo, el anuncio de su retiro tom\u00f3 a todos por sorpresa.<\/p>\n\n\n\n<figure class=\"wp-block-image size-full\"><img decoding=\"async\" src=\"https:\/\/enblancoynegro.com.mx\/wp-content\/uploads\/2023\/08\/temerarios2.png\" alt=\"\" class=\"wp-image-79040\"\/><\/figure>\n\n\n\n<p>A pesar de que su m\u00fasica fue revivida en plataformas de redes sociales y reson\u00f3 con la nueva generaci\u00f3n, Los Temerarios oficializaron su decisi\u00f3n de retirarse a trav\u00e9s de un comunicado. En este, explicaron que, tras 46 a\u00f1os de carrera musical y el mismo amor que los uni\u00f3 como hermanos en la formaci\u00f3n de Los Temerarios, hab\u00edan tomado &#8220;la dif\u00edcil decisi\u00f3n de separarnos en lo musical&#8221;.<\/p>\n\n\n\n<p>Subrayaron que Los Temerarios representan uno de los &#8220;ciclos m\u00e1s significativos y gratificantes de nuestras vidas&#8221;.<\/p>\n\n\n\n<p>Aunque la decisi\u00f3n de los hermanos Alba sea dolorosa, la noticia de su gira de despedida &#8220;Hasta Siempre&#8221; brinda un consuelo, con fechas programadas desde un mes a lo largo del 2023 y hasta el 2024.<\/p>\n\n\n\n<p>Los Temerarios comunicaron que, tras su trayectoria de 46 a\u00f1os en la m\u00fasica, han optado por poner punto final a la agrupaci\u00f3n conformada por los hermanos Alba. Sin embargo, el legado del grupo contin\u00faa con su gira de despedida, &#8220;Hasta Siempre&#8221;, que se extender\u00e1 desde septiembre hasta noviembre en Estados Unidos y continuar\u00e1 en el 2024 con presentaciones en M\u00e9xico y Latinoam\u00e9rica.<\/p>\n\n\n\n<p>Pocos minutos despu\u00e9s de anunciar su separaci\u00f3n, Los Temerarios tambi\u00e9n presentaron oficialmente las fechas de su gira de despedida, &#8220;Hasta Siempre&#8221;, abarcando desde el 2023 hasta el 2024. Durante los meses de septiembre a noviembre, Los Temerarios llevar\u00e1n su emotiva despedida a Estados Unidos, y en el 2024, M\u00e9xico y Latinoam\u00e9rica ser\u00e1n testigos de su adi\u00f3s.<\/p>\n\n\n\n<figure class=\"wp-block-image size-full\"><img decoding=\"async\" src=\"https:\/\/enblancoynegro.com.mx\/wp-content\/uploads\/2023\/08\/temerarios3.png\" alt=\"\" class=\"wp-image-79041\"\/><\/figure>\n","protected":false},"excerpt":{"rendered":"<p>Despu\u00e9s de una exitosa carrera de 46 a\u00f1os, los hermanos que constituyeron el grupo Los Temerarios han decidido separarse, pero no sin antes ofrecer una emotiva despedida a sus seguidores a trav\u00e9s de su gira final &#8220;Hasta Siempre&#8221;. Mediante un comunicado reci\u00e9n compartido, Los Temerarios han anunciado su separaci\u00f3n despu\u00e9s de casi medio siglo de &hellip;<\/p>\n<p class=\"read-more\"> <a class=\"\" href=\"https:\/\/magiadigital933.com.mx\/index.php\/2023\/08\/28\/los-temerarios-ponen-fin-a-su-trayectoria-de-46-anos-con-una-ultima-gira-hasta-siempre\/\"> <span class=\"screen-reader-text\">Los Temerarios ponen fin a su trayectoria de 46 a\u00f1os con una \u00faltima gira &#8220;Hasta Siempre&#8221;<\/span> Leer m\u00e1s &raquo;<\/a><\/p>\n","protected":false},"author":7,"featured_media":79085,"comment_status":"closed","ping_status":"closed","sticky":false,"template":"","format":"standard","meta":{"site-sidebar-layout":"default","site-content-layout":"","ast-site-content-layout":"","site-content-style":"default","site-sidebar-style":"default","ast-global-header-display":"","ast-banner-title-visibility":"","ast-main-header-display":"","ast-hfb-above-header-display":"","ast-hfb-below-header-display":"","ast-hfb-mobile-header-display":"","site-post-title":"","ast-breadcrumbs-content":"","ast-featured-img":"","footer-sml-layout":"","theme-transparent-header-meta":"","adv-header-id-meta":"","stick-header-meta":"","header-above-stick-meta":"","header-main-stick-meta":"","header-below-stick-meta":"","astra-migrate-meta-layouts":"","footnotes":""},"categories":[33,36,34,35],"tags":[],"_links":{"self":[{"href":"https:\/\/magiadigital933.com.mx\/index.php\/wp-json\/wp\/v2\/posts\/79037"}],"collection":[{"href":"https:\/\/magiadigital933.com.mx\/index.php\/wp-json\/wp\/v2\/posts"}],"about":[{"href":"https:\/\/magiadigital933.com.mx\/index.php\/wp-json\/wp\/v2\/types\/post"}],"author":[{"embeddable":true,"href":"https:\/\/magiadigital933.com.mx\/index.php\/wp-json\/wp\/v2\/users\/7"}],"replies":[{"embeddable":true,"href":"https:\/\/magiadigital933.com.mx\/index.php\/wp-json\/wp\/v2\/comments?post=79037"}],"version-history":[{"count":1,"href":"https:\/\/magiadigital933.com.mx\/index.php\/wp-json\/wp\/v2\/posts\/79037\/revisions"}],"predecessor-version":[{"id":79078,"href":"https:\/\/magiadigital933.com.mx\/index.php\/wp-json\/wp\/v2\/posts\/79037\/revisions\/79078"}],"wp:featuredmedia":[{"embeddable":true,"href":"https:\/\/magiadigital933.com.mx\/index.php\/wp-json\/wp\/v2\/media\/79085"}],"wp:attachment":[{"href":"https:\/\/magiadigital933.com.mx\/index.php\/wp-json\/wp\/v2\/media?parent=79037"}],"wp:term":[{"taxonomy":"category","embeddable":true,"href":"https:\/\/magiadigital933.com.mx\/index.php\/wp-json\/wp\/v2\/categories?post=79037"},{"taxonomy":"post_tag","embeddable":true,"href":"https:\/\/magiadigital933.com.mx\/index.php\/wp-json\/wp\/v2\/tags?post=79037"}],"curies":[{"name":"wp","href":"https:\/\/api.w.org\/{rel}","templated":true}]}}