{"id":79052,"date":"2023-08-28T22:58:11","date_gmt":"2023-08-28T22:58:11","guid":{"rendered":"https:\/\/enblancoynegro.com.mx\/?p=79052"},"modified":"2023-08-28T22:58:11","modified_gmt":"2023-08-28T22:58:11","slug":"sergio-ortiz-simulo-su-propia-muerte-y-emite-disculpas-en-un-video","status":"publish","type":"post","link":"https:\/\/magiadigital933.com.mx\/index.php\/2023\/08\/28\/sergio-ortiz-simulo-su-propia-muerte-y-emite-disculpas-en-un-video\/","title":{"rendered":"Sergio Ortiz simul\u00f3 su propia muerte y emite disculpas en un video"},"content":{"rendered":"\n<p><\/p>\n\n\n\n<p>Recientemente, se propag\u00f3 la noticia de la presunta muerte de Sergio Ortiz, el exvocalista de &#8220;Cuisillo&#8221;. Amigos, fans y familiares expresaron sus condolencias en las redes sociales, sumidos en tristeza. Sin embargo, las cosas tomaron un giro inesperado cuando se descubri\u00f3 que su fallecimiento no era real. El cantante conocido como &#8220;El P\u00e1jaro Ortiz&#8221; apareci\u00f3 en un video para desmentir la noticia y ofrecer disculpas.<\/p>\n\n\n\n<p>Ortiz revel\u00f3 que nunca estuvo de acuerdo con la elaboraci\u00f3n de la falsa noticia sobre su fallecimiento. Al parecer, su equipo de trabajo ide\u00f3 la estrategia para generar pol\u00e9mica y publicidad, coincidiendo con el lanzamiento de su nueva canci\u00f3n titulada &#8220;Mi funeral&#8221;.<\/p>\n\n\n\n<p>La noticia falsa fue difundida con una imagen suya en la que llevaba un mo\u00f1o negro, dando a entender que hab\u00eda fallecido. En su video, Ortiz expres\u00f3 su disgusto por la situaci\u00f3n y aclar\u00f3 el trasfondo de los eventos:<\/p>\n\n\n\n<p>&#8220;Me veo en la triste y penosa necesidad de aclarar esta situaci\u00f3n que se sali\u00f3 de control. Una persona de mi equipo de trabajo hace unos d\u00edas hab\u00eda comentado sobre la idea de hacer una imagen m\u00eda con un mo\u00f1o negro para publicitar o anunciar el lanzamiento de esta nueva canci\u00f3n que se iba a lanzar el d\u00eda de hoy, que se iba a llamar Mi Funeral&#8221;, indic\u00f3.<\/p>\n\n\n\n<p>Ortiz admiti\u00f3 que siempre estuvo en contra de aprovechar el morbo para obtener vistas y atenci\u00f3n. Si bien entend\u00eda que se har\u00eda promoci\u00f3n en torno a su &#8220;fallecimiento&#8221; por su nueva canci\u00f3n, la manera en que se llev\u00f3 a cabo no estaba en l\u00ednea con sus valores:<\/p>\n\n\n\n<p>&#8220;Siempre he estado en contra del morbo para crear vistas, me hab\u00eda propuesto esta idea y no s\u00e9 si no fui muy claro al decirle que no estaba de acuerdo, pero como muchos ya saben, hace unos d\u00edas tuve que salir de la ciudad y no ten\u00eda se\u00f1al en donde estaba (&#8230;) Se me hace totalmente una estupidez porque yo jam\u00e1s habr\u00eda estado de acuerdo en que publicaran algo as\u00ed, con eso no se juega, no se vale, estoy muy molesto, esta persona ya no trabaja conmigo, autom\u00e1ticamente qued\u00f3 fuera del equipo de trabajo&#8221;, expres\u00f3 Ortiz.<\/p>\n\n\n\n<p>Adem\u00e1s, mencion\u00f3 que est\u00e1 considerando emprender acciones legales contra esta persona por haber tomado la decisi\u00f3n de publicar la imagen sin su consentimiento. Ortiz subray\u00f3 que, dado que no ten\u00eda se\u00f1al en su tel\u00e9fono, no pudo haber dado la aprobaci\u00f3n en ese momento. Conden\u00f3 la idea como una &#8220;idea bastante est\u00fapida&#8221; y dej\u00f3 claro que no tolera este tipo de enga\u00f1os en su nombre.<\/p>\n\n\n\n<figure class=\"wp-block-embed is-type-video is-provider-youtube wp-block-embed-youtube wp-embed-aspect-16-9 wp-has-aspect-ratio\"><div class=\"wp-block-embed__wrapper\">\n<div class=\"ast-oembed-container\" style=\"height: 100%;\"><iframe title=\"P\u00e1jaro Ortiz ex cantante de Cuisillos aclara su supuesta muerte.\" width=\"500\" height=\"281\" src=\"https:\/\/www.youtube.com\/embed\/sLGJGoxAVko?feature=oembed\" frameborder=\"0\" allow=\"accelerometer; autoplay; clipboard-write; encrypted-media; gyroscope; picture-in-picture; web-share\" allowfullscreen><\/iframe><\/div>\n<\/div><\/figure>\n","protected":false},"excerpt":{"rendered":"<p>Recientemente, se propag\u00f3 la noticia de la presunta muerte de Sergio Ortiz, el exvocalista de &#8220;Cuisillo&#8221;. Amigos, fans y familiares expresaron sus condolencias en las redes sociales, sumidos en tristeza. Sin embargo, las cosas tomaron un giro inesperado cuando se descubri\u00f3 que su fallecimiento no era real. El cantante conocido como &#8220;El P\u00e1jaro Ortiz&#8221; apareci\u00f3 &hellip;<\/p>\n<p class=\"read-more\"> <a class=\"\" href=\"https:\/\/magiadigital933.com.mx\/index.php\/2023\/08\/28\/sergio-ortiz-simulo-su-propia-muerte-y-emite-disculpas-en-un-video\/\"> <span class=\"screen-reader-text\">Sergio Ortiz simul\u00f3 su propia muerte y emite disculpas en un video<\/span> Leer m\u00e1s &raquo;<\/a><\/p>\n","protected":false},"author":7,"featured_media":79084,"comment_status":"closed","ping_status":"closed","sticky":false,"template":"","format":"standard","meta":{"site-sidebar-layout":"default","site-content-layout":"","ast-site-content-layout":"","site-content-style":"default","site-sidebar-style":"default","ast-global-header-display":"","ast-banner-title-visibility":"","ast-main-header-display":"","ast-hfb-above-header-display":"","ast-hfb-below-header-display":"","ast-hfb-mobile-header-display":"","site-post-title":"","ast-breadcrumbs-content":"","ast-featured-img":"","footer-sml-layout":"","theme-transparent-header-meta":"","adv-header-id-meta":"","stick-header-meta":"","header-above-stick-meta":"","header-main-stick-meta":"","header-below-stick-meta":"","astra-migrate-meta-layouts":"","footnotes":""},"categories":[33,36,34,35],"tags":[],"_links":{"self":[{"href":"https:\/\/magiadigital933.com.mx\/index.php\/wp-json\/wp\/v2\/posts\/79052"}],"collection":[{"href":"https:\/\/magiadigital933.com.mx\/index.php\/wp-json\/wp\/v2\/posts"}],"about":[{"href":"https:\/\/magiadigital933.com.mx\/index.php\/wp-json\/wp\/v2\/types\/post"}],"author":[{"embeddable":true,"href":"https:\/\/magiadigital933.com.mx\/index.php\/wp-json\/wp\/v2\/users\/7"}],"replies":[{"embeddable":true,"href":"https:\/\/magiadigital933.com.mx\/index.php\/wp-json\/wp\/v2\/comments?post=79052"}],"version-history":[{"count":1,"href":"https:\/\/magiadigital933.com.mx\/index.php\/wp-json\/wp\/v2\/posts\/79052\/revisions"}],"predecessor-version":[{"id":79076,"href":"https:\/\/magiadigital933.com.mx\/index.php\/wp-json\/wp\/v2\/posts\/79052\/revisions\/79076"}],"wp:featuredmedia":[{"embeddable":true,"href":"https:\/\/magiadigital933.com.mx\/index.php\/wp-json\/wp\/v2\/media\/79084"}],"wp:attachment":[{"href":"https:\/\/magiadigital933.com.mx\/index.php\/wp-json\/wp\/v2\/media?parent=79052"}],"wp:term":[{"taxonomy":"category","embeddable":true,"href":"https:\/\/magiadigital933.com.mx\/index.php\/wp-json\/wp\/v2\/categories?post=79052"},{"taxonomy":"post_tag","embeddable":true,"href":"https:\/\/magiadigital933.com.mx\/index.php\/wp-json\/wp\/v2\/tags?post=79052"}],"curies":[{"name":"wp","href":"https:\/\/api.w.org\/{rel}","templated":true}]}}