{"id":80258,"date":"2023-09-04T21:27:41","date_gmt":"2023-09-04T21:27:41","guid":{"rendered":"https:\/\/enblancoynegro.com.mx\/?p=80258"},"modified":"2023-09-04T21:28:22","modified_gmt":"2023-09-04T21:28:22","slug":"muere-lefty-sm-aleman-y-el-komander-mandan-plegarias","status":"publish","type":"post","link":"https:\/\/magiadigital933.com.mx\/index.php\/2023\/09\/04\/muere-lefty-sm-aleman-y-el-komander-mandan-plegarias\/","title":{"rendered":"Muere Lefty SM, Alem\u00e1n y El Komander mandan plegarias"},"content":{"rendered":"\n<p><\/p>\n\n\n\n<p>Lefty SM perdi\u00f3 la vida en Jalisco el pasado s\u00e1bado a la edad de 31 a\u00f1os, seg\u00fan lo confirm\u00f3 MC Davoo en una publicaci\u00f3n en su historia de Instagram.<\/p>\n\n\n\n<p>&#8220;Es incre\u00edble, he hablado con todos para verificar si es cierto este asesinato de Lefty SM. \u00bfC\u00f3mo es posible que esto haya sucedido?&#8221;, expres\u00f3 MC Davoo con l\u00e1grimas en los ojos.<\/p>\n\n\n\n<p>Seg\u00fan los informes, el talentoso rapero mexicano fue v\u00edctima de un robo que lamentablemente culmin\u00f3 en su tr\u00e1gica muerte a manos de un disparo en su residencia en la colonia La Cima, en Zapopan. Sin embargo, hasta el momento no se ha emitido una confirmaci\u00f3n oficial de los hechos.<\/p>\n\n\n\n<p>Justo el viernes anterior, Lefty SM hab\u00eda participado como invitado especial en el concierto de MC Davo en el Teatro Metropolitan, donde se celebraron los 10 a\u00f1os de carrera del anfitri\u00f3n.<\/p>\n\n\n\n<p>Ante la noticia del fallecimiento del rapero mexicano, varias personalidades destacadas de la industria musical, como Alfredo R\u00edos, conocido como &#8216;El Komander&#8217;, Tony Aguirre y &#8216;El Alem\u00e1n&#8217;, expresaron sus condolencias y enviaron sus plegarias.<\/p>\n\n\n\n<figure class=\"wp-block-image size-full\"><img decoding=\"async\" src=\"https:\/\/enblancoynegro.com.mx\/wp-content\/uploads\/2023\/09\/lefty3.png\" alt=\"\" class=\"wp-image-80260\"\/><\/figure>\n\n\n\n<p>Lefty SM, originario de San Luis R\u00edo Colorado, Sonora, se destac\u00f3 por su excepcional talento como rapero, conquistando el mundo de la m\u00fasica con su estilo \u00fanico y letras profundas. Nacido en 1992, comenz\u00f3 su trayectoria en el rap y el hip-hop en su barrio natal, donde creci\u00f3 rodeado de rimas y cuadernos llenos de versos.<\/p>\n\n\n\n<p>Desde el a\u00f1o 2010, Lefty SM comenz\u00f3 a crear m\u00fasica junto a sus amigos, inspir\u00e1ndose en sus propias vivencias y en las experiencias de su entorno, que inclu\u00edan la vida en su vecindario y la influencia de su familia. A lo largo de los a\u00f1os, tuvo la oportunidad de colaborar con destacadas figuras de la industria musical, lo que impuls\u00f3 su carrera a niveles inimaginables. En su vida personal, manten\u00eda una relaci\u00f3n con Eza Mary, con quien tuvo una hija a quien llamaron Keysie Sauceda.<\/p>\n\n\n\n<figure class=\"wp-block-image size-full\"><img decoding=\"async\" src=\"https:\/\/enblancoynegro.com.mx\/wp-content\/uploads\/2023\/09\/lefty2.png\" alt=\"\" class=\"wp-image-80261\"\/><\/figure>\n\n\n\n<p>Su carrera art\u00edstica despeg\u00f3 en julio de 2017 cuando decidi\u00f3 crear un canal de YouTube para compartir su m\u00fasica. Desde entonces, no mir\u00f3 hacia atr\u00e1s y cosech\u00f3 \u00e9xitos tras \u00e9xitos. En sus inicios, colabor\u00f3 con \u00d1engo El Quetzal en la canci\u00f3n &#8220;La VIDA como quiera&#8221;, que alcanz\u00f3 m\u00e1s de 300 mil reproducciones en pocos d\u00edas.<\/p>\n","protected":false},"excerpt":{"rendered":"<p>Lefty SM perdi\u00f3 la vida en Jalisco el pasado s\u00e1bado a la edad de 31 a\u00f1os, seg\u00fan lo confirm\u00f3 MC Davoo en una publicaci\u00f3n en su historia de Instagram. &#8220;Es incre\u00edble, he hablado con todos para verificar si es cierto este asesinato de Lefty SM. \u00bfC\u00f3mo es posible que esto haya sucedido?&#8221;, expres\u00f3 MC Davoo &hellip;<\/p>\n<p class=\"read-more\"> <a class=\"\" href=\"https:\/\/magiadigital933.com.mx\/index.php\/2023\/09\/04\/muere-lefty-sm-aleman-y-el-komander-mandan-plegarias\/\"> <span class=\"screen-reader-text\">Muere Lefty SM, Alem\u00e1n y El Komander mandan plegarias<\/span> Leer m\u00e1s &raquo;<\/a><\/p>\n","protected":false},"author":7,"featured_media":80292,"comment_status":"closed","ping_status":"closed","sticky":false,"template":"","format":"standard","meta":{"site-sidebar-layout":"default","site-content-layout":"","ast-site-content-layout":"","site-content-style":"default","site-sidebar-style":"default","ast-global-header-display":"","ast-banner-title-visibility":"","ast-main-header-display":"","ast-hfb-above-header-display":"","ast-hfb-below-header-display":"","ast-hfb-mobile-header-display":"","site-post-title":"","ast-breadcrumbs-content":"","ast-featured-img":"","footer-sml-layout":"","theme-transparent-header-meta":"","adv-header-id-meta":"","stick-header-meta":"","header-above-stick-meta":"","header-main-stick-meta":"","header-below-stick-meta":"","astra-migrate-meta-layouts":"","footnotes":""},"categories":[33,34,35],"tags":[],"_links":{"self":[{"href":"https:\/\/magiadigital933.com.mx\/index.php\/wp-json\/wp\/v2\/posts\/80258"}],"collection":[{"href":"https:\/\/magiadigital933.com.mx\/index.php\/wp-json\/wp\/v2\/posts"}],"about":[{"href":"https:\/\/magiadigital933.com.mx\/index.php\/wp-json\/wp\/v2\/types\/post"}],"author":[{"embeddable":true,"href":"https:\/\/magiadigital933.com.mx\/index.php\/wp-json\/wp\/v2\/users\/7"}],"replies":[{"embeddable":true,"href":"https:\/\/magiadigital933.com.mx\/index.php\/wp-json\/wp\/v2\/comments?post=80258"}],"version-history":[{"count":1,"href":"https:\/\/magiadigital933.com.mx\/index.php\/wp-json\/wp\/v2\/posts\/80258\/revisions"}],"predecessor-version":[{"id":80293,"href":"https:\/\/magiadigital933.com.mx\/index.php\/wp-json\/wp\/v2\/posts\/80258\/revisions\/80293"}],"wp:featuredmedia":[{"embeddable":true,"href":"https:\/\/magiadigital933.com.mx\/index.php\/wp-json\/wp\/v2\/media\/80292"}],"wp:attachment":[{"href":"https:\/\/magiadigital933.com.mx\/index.php\/wp-json\/wp\/v2\/media?parent=80258"}],"wp:term":[{"taxonomy":"category","embeddable":true,"href":"https:\/\/magiadigital933.com.mx\/index.php\/wp-json\/wp\/v2\/categories?post=80258"},{"taxonomy":"post_tag","embeddable":true,"href":"https:\/\/magiadigital933.com.mx\/index.php\/wp-json\/wp\/v2\/tags?post=80258"}],"curies":[{"name":"wp","href":"https:\/\/api.w.org\/{rel}","templated":true}]}}