{"id":82405,"date":"2023-09-15T19:19:48","date_gmt":"2023-09-15T19:19:48","guid":{"rendered":"https:\/\/enblancoynegro.com.mx\/?p=82405"},"modified":"2023-09-15T19:19:50","modified_gmt":"2023-09-15T19:19:50","slug":"hay-rumores-de-que-bad-bunny-se-presentara-con-grupo-frontera-hoy","status":"publish","type":"post","link":"https:\/\/magiadigital933.com.mx\/index.php\/2023\/09\/15\/hay-rumores-de-que-bad-bunny-se-presentara-con-grupo-frontera-hoy\/","title":{"rendered":"Hay rumores de que Bad Bunny se presentar\u00e1 con Grupo Frontera hoy"},"content":{"rendered":"\n<p>Los rumores sobre una posible presentaci\u00f3n de Bad Bunny con Grupo Frontera en el evento del grito de independencia en la plancha del Z\u00f3calo han aumentado en las redes sociales y entre los fan\u00e1ticos. Aunque el presidente de M\u00e9xico, Andr\u00e9s Manuel L\u00f3pez Obrador, anunci\u00f3 la participaci\u00f3n de Grupo Frontera en la celebraci\u00f3n del 15 de septiembre, se ha especulado que Bad Bunny podr\u00eda unirse a la actuaci\u00f3n.<\/p>\n\n\n\n<p>La colaboraci\u00f3n entre Bad Bunny y Grupo Frontera en la canci\u00f3n &#8220;UN X100TO&#8221; ha generado gran expectaci\u00f3n y emoci\u00f3n entre los seguidores de ambos artistas. Aunque inicialmente se intent\u00f3 que Bad Bunny tambi\u00e9n participara en el evento, no se obtuvo respuesta por parte del cantante puertorrique\u00f1o.<\/p>\n\n\n\n<p>Sin embargo, muchos internautas y fan\u00e1ticos tienen la esperanza de que Bad Bunny haga una sorpresiva aparici\u00f3n durante la presentaci\u00f3n de Grupo Frontera en el grito de independencia. La posibilidad de que interpreten juntos su exitosa canci\u00f3n es motivo de entusiasmo y especulaci\u00f3n en las redes sociales.<\/p>\n\n\n\n<figure class=\"wp-block-image size-full\"><img decoding=\"async\" src=\"https:\/\/enblancoynegro.com.mx\/wp-content\/uploads\/2023\/09\/frontera2.png\" alt=\"\" class=\"wp-image-82408\"\/><\/figure>\n\n\n\n<p>Adem\u00e1s de Grupo Frontera, tambi\u00e9n se anunci\u00f3 la participaci\u00f3n de Yahritza Y Su Esencia en el evento, lo que aumenta la expectativa para la celebraci\u00f3n de la independencia de M\u00e9xico.<\/p>\n\n\n\n<p>Hasta el momento, no se ha confirmado oficialmente la participaci\u00f3n de Bad Bunny en el evento, por lo que los fan\u00e1ticos deber\u00e1n esperar para descubrir si el conejo malo se une a la celebraci\u00f3n de una manera sorprendente.<\/p>\n","protected":false},"excerpt":{"rendered":"<p>Los rumores sobre una posible presentaci\u00f3n de Bad Bunny con Grupo Frontera en el evento del grito de independencia en la plancha del Z\u00f3calo han aumentado en las redes sociales y entre los fan\u00e1ticos. Aunque el presidente de M\u00e9xico, Andr\u00e9s Manuel L\u00f3pez Obrador, anunci\u00f3 la participaci\u00f3n de Grupo Frontera en la celebraci\u00f3n del 15 de &hellip;<\/p>\n<p class=\"read-more\"> <a class=\"\" href=\"https:\/\/magiadigital933.com.mx\/index.php\/2023\/09\/15\/hay-rumores-de-que-bad-bunny-se-presentara-con-grupo-frontera-hoy\/\"> <span class=\"screen-reader-text\">Hay rumores de que Bad Bunny se presentar\u00e1 con Grupo Frontera hoy<\/span> Leer m\u00e1s &raquo;<\/a><\/p>\n","protected":false},"author":7,"featured_media":82422,"comment_status":"closed","ping_status":"closed","sticky":false,"template":"","format":"standard","meta":{"site-sidebar-layout":"default","site-content-layout":"","ast-site-content-layout":"default","site-content-style":"default","site-sidebar-style":"default","ast-global-header-display":"","ast-banner-title-visibility":"","ast-main-header-display":"","ast-hfb-above-header-display":"","ast-hfb-below-header-display":"","ast-hfb-mobile-header-display":"","site-post-title":"","ast-breadcrumbs-content":"","ast-featured-img":"","footer-sml-layout":"","theme-transparent-header-meta":"","adv-header-id-meta":"","stick-header-meta":"","header-above-stick-meta":"","header-main-stick-meta":"","header-below-stick-meta":"","astra-migrate-meta-layouts":"set","footnotes":""},"categories":[33,36,34,35],"tags":[],"_links":{"self":[{"href":"https:\/\/magiadigital933.com.mx\/index.php\/wp-json\/wp\/v2\/posts\/82405"}],"collection":[{"href":"https:\/\/magiadigital933.com.mx\/index.php\/wp-json\/wp\/v2\/posts"}],"about":[{"href":"https:\/\/magiadigital933.com.mx\/index.php\/wp-json\/wp\/v2\/types\/post"}],"author":[{"embeddable":true,"href":"https:\/\/magiadigital933.com.mx\/index.php\/wp-json\/wp\/v2\/users\/7"}],"replies":[{"embeddable":true,"href":"https:\/\/magiadigital933.com.mx\/index.php\/wp-json\/wp\/v2\/comments?post=82405"}],"version-history":[{"count":1,"href":"https:\/\/magiadigital933.com.mx\/index.php\/wp-json\/wp\/v2\/posts\/82405\/revisions"}],"predecessor-version":[{"id":82419,"href":"https:\/\/magiadigital933.com.mx\/index.php\/wp-json\/wp\/v2\/posts\/82405\/revisions\/82419"}],"wp:featuredmedia":[{"embeddable":true,"href":"https:\/\/magiadigital933.com.mx\/index.php\/wp-json\/wp\/v2\/media\/82422"}],"wp:attachment":[{"href":"https:\/\/magiadigital933.com.mx\/index.php\/wp-json\/wp\/v2\/media?parent=82405"}],"wp:term":[{"taxonomy":"category","embeddable":true,"href":"https:\/\/magiadigital933.com.mx\/index.php\/wp-json\/wp\/v2\/categories?post=82405"},{"taxonomy":"post_tag","embeddable":true,"href":"https:\/\/magiadigital933.com.mx\/index.php\/wp-json\/wp\/v2\/tags?post=82405"}],"curies":[{"name":"wp","href":"https:\/\/api.w.org\/{rel}","templated":true}]}}