{"id":92254,"date":"2023-11-02T22:21:38","date_gmt":"2023-11-02T22:21:38","guid":{"rendered":"https:\/\/enblancoynegro.com.mx\/?p=92254"},"modified":"2023-11-02T22:21:50","modified_gmt":"2023-11-02T22:21:50","slug":"a-que-se-dedico-el-fantasma-antes-de-la-fama","status":"publish","type":"post","link":"https:\/\/magiadigital933.com.mx\/index.php\/2023\/11\/02\/a-que-se-dedico-el-fantasma-antes-de-la-fama\/","title":{"rendered":"\u00bfA qu\u00e9 se dedic\u00f3 El Fantasma antes de la fama?"},"content":{"rendered":"\n<p>Antes de ingresar al mundo de la m\u00fasica,El Fantasma, pas\u00f3 seis a\u00f1os trabajando como podador de \u00e1rboles en Ontario, California.<\/p>\n\n\n\n<p>Alexander Garc\u00eda, conocido en el mundo de la m\u00fasica como \u201cEl Fantasma\u201d, ha logrado consolidarse como una figura influyente en el regional mexicano. Gracias a su estilo innovador y su capacidad para conectar con la audiencia a trav\u00e9s de las redes sociales. A pesar de su \u00e9xito actual, su historia de vida es un testimonio de perseverancia y dedicaci\u00f3n.<\/p>\n\n\n\n<p>Nacido en San Jos\u00e9 de Ca\u00f1as, Durango, Alexander emigr\u00f3 a los Estados Unidos a la temprana edad de 14 a\u00f1os. Su experiencia inicial fue la de un joven en b\u00fasqueda de mejores oportunidades y que deb\u00eda encontrar la manera de ganarse la vida en un nuevo pa\u00eds. Inicialmente, se enfoc\u00f3 en completar su educaci\u00f3n secundaria, aunque admiti\u00f3 que lo hizo \u201cpara defenderse un rato\u201d. Sin embargo, la vida ten\u00eda otros planes para \u00e9l.<\/p>\n\n\n\n<p>Antes de ingresar al mundo de la m\u00fasica, Alexander pas\u00f3 seis a\u00f1os trabajando como podador de \u00e1rboles en Ontario, California. Aunque esta ocupaci\u00f3n estaba lejos de la m\u00fasica, le proporcion\u00f3 lecciones de disciplina y trabajo duro que m\u00e1s tarde aplicar\u00eda en su carrera art\u00edstica.<\/p>\n\n\n\n<p>Sin embargo, el punto de inflexi\u00f3n en la vida de Alexander lleg\u00f3 cuando tuvo la oportunidad de conocer a los miembros del grupo Voz de Mando en un evento en California. En particular, Jorge Gaxiola, el vocalista y acordeonista de la agrupaci\u00f3n. Junto con su hermano Miguel, quien fund\u00f3 el sello discogr\u00e1fico y la empresa de representaci\u00f3n Afinarte Music. Este encuentro casual result\u00f3 ser el trampol\u00edn para la carrera de \u201cEl Fantasma\u201d.<\/p>\n\n\n\n<figure class=\"wp-block-image size-full\"><img decoding=\"async\" src=\"https:\/\/enblancoynegro.com.mx\/wp-content\/uploads\/2023\/11\/fantasma2.png\" alt=\"\" class=\"wp-image-92257\"\/><\/figure>\n\n\n\n<p>\u201cNos conocimos a trav\u00e9s de amigos, le cant\u00e9 una canci\u00f3n y a mi compa Jorge le gust\u00f3 y as\u00ed comenzamos. Duramos como cuatro meses platicando, y me llev\u00f3 de gira con ellos como invitado. Sub\u00eda al escenario a cantar \u2018El ayudante\u2019, y a la gente le gust\u00f3\u201d, record\u00f3 Alexander.<\/p>\n\n\n\n<p>Sin embargo, la vida como m\u00fasico no siempre fue un camino f\u00e1cil. La incertidumbre financiera y las presiones econ\u00f3micas estuvieron presentes al principio. Su antiguo empleador, consciente de la pasi\u00f3n de Alexander por la m\u00fasica, finalmente le dijo que deb\u00eda seguir su sue\u00f1o en la m\u00fasica, a pesar de las dificultades.<\/p>\n\n\n\n<p>\u201cEs que le fallaba mucho\u201d, record\u00f3 sobre su desempe\u00f1o en su antiguo trabajo. \u201cMi patr\u00f3n me dijo \u2018mejor v\u00e1yase a la m\u00fasica\u2019, y pues cuando vives al d\u00eda y tienes cuentas que pagar, no sab\u00eda si pod\u00eda\u201d, agreg\u00f3 Garc\u00eda.<\/p>\n\n\n\n<p>La perseverancia y el talento innato de Alexander finalmente dieron sus frutos. Con el apoyo del p\u00fablico, su canci\u00f3n \u201cEntiendo tus motivos\u201d y el tema \u201cValor y Sostengo\u201d se convirtieron en \u00e9xitos virales, este \u00faltimo con m\u00e1s de 20 millones de visitas en YouTube hasta la fecha.<\/p>\n","protected":false},"excerpt":{"rendered":"<p>Antes de ingresar al mundo de la m\u00fasica,El Fantasma, pas\u00f3 seis a\u00f1os trabajando como podador de \u00e1rboles en Ontario, California. Alexander Garc\u00eda, conocido en el mundo de la m\u00fasica como \u201cEl Fantasma\u201d, ha logrado consolidarse como una figura influyente en el regional mexicano. Gracias a su estilo innovador y su capacidad para conectar con la &hellip;<\/p>\n<p class=\"read-more\"> <a class=\"\" href=\"https:\/\/magiadigital933.com.mx\/index.php\/2023\/11\/02\/a-que-se-dedico-el-fantasma-antes-de-la-fama\/\"> <span class=\"screen-reader-text\">\u00bfA qu\u00e9 se dedic\u00f3 El Fantasma antes de la fama?<\/span> Leer m\u00e1s &raquo;<\/a><\/p>\n","protected":false},"author":7,"featured_media":92262,"comment_status":"closed","ping_status":"closed","sticky":false,"template":"","format":"standard","meta":{"site-sidebar-layout":"default","site-content-layout":"","ast-site-content-layout":"default","site-content-style":"default","site-sidebar-style":"default","ast-global-header-display":"","ast-banner-title-visibility":"","ast-main-header-display":"","ast-hfb-above-header-display":"","ast-hfb-below-header-display":"","ast-hfb-mobile-header-display":"","site-post-title":"","ast-breadcrumbs-content":"","ast-featured-img":"","footer-sml-layout":"","theme-transparent-header-meta":"","adv-header-id-meta":"","stick-header-meta":"","header-above-stick-meta":"","header-main-stick-meta":"","header-below-stick-meta":"","astra-migrate-meta-layouts":"set","footnotes":""},"categories":[33,36,34,35],"tags":[],"_links":{"self":[{"href":"https:\/\/magiadigital933.com.mx\/index.php\/wp-json\/wp\/v2\/posts\/92254"}],"collection":[{"href":"https:\/\/magiadigital933.com.mx\/index.php\/wp-json\/wp\/v2\/posts"}],"about":[{"href":"https:\/\/magiadigital933.com.mx\/index.php\/wp-json\/wp\/v2\/types\/post"}],"author":[{"embeddable":true,"href":"https:\/\/magiadigital933.com.mx\/index.php\/wp-json\/wp\/v2\/users\/7"}],"replies":[{"embeddable":true,"href":"https:\/\/magiadigital933.com.mx\/index.php\/wp-json\/wp\/v2\/comments?post=92254"}],"version-history":[{"count":1,"href":"https:\/\/magiadigital933.com.mx\/index.php\/wp-json\/wp\/v2\/posts\/92254\/revisions"}],"predecessor-version":[{"id":92263,"href":"https:\/\/magiadigital933.com.mx\/index.php\/wp-json\/wp\/v2\/posts\/92254\/revisions\/92263"}],"wp:featuredmedia":[{"embeddable":true,"href":"https:\/\/magiadigital933.com.mx\/index.php\/wp-json\/wp\/v2\/media\/92262"}],"wp:attachment":[{"href":"https:\/\/magiadigital933.com.mx\/index.php\/wp-json\/wp\/v2\/media?parent=92254"}],"wp:term":[{"taxonomy":"category","embeddable":true,"href":"https:\/\/magiadigital933.com.mx\/index.php\/wp-json\/wp\/v2\/categories?post=92254"},{"taxonomy":"post_tag","embeddable":true,"href":"https:\/\/magiadigital933.com.mx\/index.php\/wp-json\/wp\/v2\/tags?post=92254"}],"curies":[{"name":"wp","href":"https:\/\/api.w.org\/{rel}","templated":true}]}}