{"id":92259,"date":"2023-11-02T22:21:18","date_gmt":"2023-11-02T22:21:18","guid":{"rendered":"https:\/\/enblancoynegro.com.mx\/?p=92259"},"modified":"2023-11-02T22:21:50","modified_gmt":"2023-11-02T22:21:50","slug":"banda-ms-anuncia-colaboracion-con-gloria-trevi","status":"publish","type":"post","link":"https:\/\/magiadigital933.com.mx\/index.php\/2023\/11\/02\/banda-ms-anuncia-colaboracion-con-gloria-trevi\/","title":{"rendered":"Banda MS anuncia colaboraci\u00f3n con Gloria Trevi"},"content":{"rendered":"\n<p>Demostrando su versatilidad, Banda MS anunci\u00f3 su pr\u00f3xima colaboraci\u00f3n a lado de Gloria Trevi que lleva por nombre &#8220;Y qu\u00e9 soporten&#8221;.<\/p>\n\n\n\n<p>La famosa cantante mexicana Gloria Trevi est\u00e1 lista para sorprender a sus seguidores con un nuevo sencillo en colaboraci\u00f3n con la exitosa Banda MS de Sergio Liz\u00e1rraga. Despu\u00e9s de su destacada carrera en el pop, Gloria se aventura en el mundo del ritmo sinaloense con la canci\u00f3n titulada \u201cY que soporten\u201c.<\/p>\n\n\n\n<p>En redes sociales, Banda MS confirm\u00f3 que el lanzamiento del sencillo se llevar\u00e1 a cabo el viernes 10 de noviembre. Una noticia que ha generado gran expectaci\u00f3n entre los fans de ambos artistas. Pues esperan ver el desempe\u00f1o de la cantante en un g\u00e9nero como el regional mexicano.<\/p>\n\n\n\n<p>La canci\u00f3n \u201cY que soporten\u201d fue escrita por Gloria Trevi, Omar Robles y Pavel Ocampo. Adem\u00e1s, se sabe que fue grabada hace unas semanas. La colaboraci\u00f3n se realiz\u00f3 en dos estudios de grabaci\u00f3n, uno en Mazatl\u00e1n y otro en Texas, debido a los compromisos laborales de ambos artistas.<\/p>\n\n\n\n<figure class=\"wp-block-image size-full\"><img decoding=\"async\" src=\"https:\/\/enblancoynegro.com.mx\/wp-content\/uploads\/2023\/11\/gloria2-1.png\" alt=\"\" class=\"wp-image-92263\"\/><\/figure>\n\n\n\n<p>Sara Eva P\u00e9rez, publicista de la Banda MS, coment\u00f3 sobre la colaboraci\u00f3n: \u201cGloria canta con banda, ya o\u00ed la canci\u00f3n, toda completita y lo hace muy bien. Suena muy bien, sorprendentemente bien\u201c. Adem\u00e1s, mencion\u00f3 que los cantantes tuvieron la oportunidad de verse en Las Vegas el pasado 15 de septiembre, donde Gloria escuch\u00f3 la versi\u00f3n final de la canci\u00f3n.<\/p>\n","protected":false},"excerpt":{"rendered":"<p>Demostrando su versatilidad, Banda MS anunci\u00f3 su pr\u00f3xima colaboraci\u00f3n a lado de Gloria Trevi que lleva por nombre &#8220;Y qu\u00e9 soporten&#8221;. La famosa cantante mexicana Gloria Trevi est\u00e1 lista para sorprender a sus seguidores con un nuevo sencillo en colaboraci\u00f3n con la exitosa Banda MS de Sergio Liz\u00e1rraga. Despu\u00e9s de su destacada carrera en el &hellip;<\/p>\n<p class=\"read-more\"> <a class=\"\" href=\"https:\/\/magiadigital933.com.mx\/index.php\/2023\/11\/02\/banda-ms-anuncia-colaboracion-con-gloria-trevi\/\"> <span class=\"screen-reader-text\">Banda MS anuncia colaboraci\u00f3n con Gloria Trevi<\/span> Leer m\u00e1s &raquo;<\/a><\/p>\n","protected":false},"author":7,"featured_media":92260,"comment_status":"closed","ping_status":"closed","sticky":false,"template":"","format":"standard","meta":{"site-sidebar-layout":"default","site-content-layout":"","ast-site-content-layout":"default","site-content-style":"default","site-sidebar-style":"default","ast-global-header-display":"","ast-banner-title-visibility":"","ast-main-header-display":"","ast-hfb-above-header-display":"","ast-hfb-below-header-display":"","ast-hfb-mobile-header-display":"","site-post-title":"","ast-breadcrumbs-content":"","ast-featured-img":"","footer-sml-layout":"","theme-transparent-header-meta":"","adv-header-id-meta":"","stick-header-meta":"","header-above-stick-meta":"","header-main-stick-meta":"","header-below-stick-meta":"","astra-migrate-meta-layouts":"set","footnotes":""},"categories":[33,36,34,35],"tags":[],"_links":{"self":[{"href":"https:\/\/magiadigital933.com.mx\/index.php\/wp-json\/wp\/v2\/posts\/92259"}],"collection":[{"href":"https:\/\/magiadigital933.com.mx\/index.php\/wp-json\/wp\/v2\/posts"}],"about":[{"href":"https:\/\/magiadigital933.com.mx\/index.php\/wp-json\/wp\/v2\/types\/post"}],"author":[{"embeddable":true,"href":"https:\/\/magiadigital933.com.mx\/index.php\/wp-json\/wp\/v2\/users\/7"}],"replies":[{"embeddable":true,"href":"https:\/\/magiadigital933.com.mx\/index.php\/wp-json\/wp\/v2\/comments?post=92259"}],"version-history":[{"count":1,"href":"https:\/\/magiadigital933.com.mx\/index.php\/wp-json\/wp\/v2\/posts\/92259\/revisions"}],"predecessor-version":[{"id":92261,"href":"https:\/\/magiadigital933.com.mx\/index.php\/wp-json\/wp\/v2\/posts\/92259\/revisions\/92261"}],"wp:featuredmedia":[{"embeddable":true,"href":"https:\/\/magiadigital933.com.mx\/index.php\/wp-json\/wp\/v2\/media\/92260"}],"wp:attachment":[{"href":"https:\/\/magiadigital933.com.mx\/index.php\/wp-json\/wp\/v2\/media?parent=92259"}],"wp:term":[{"taxonomy":"category","embeddable":true,"href":"https:\/\/magiadigital933.com.mx\/index.php\/wp-json\/wp\/v2\/categories?post=92259"},{"taxonomy":"post_tag","embeddable":true,"href":"https:\/\/magiadigital933.com.mx\/index.php\/wp-json\/wp\/v2\/tags?post=92259"}],"curies":[{"name":"wp","href":"https:\/\/api.w.org\/{rel}","templated":true}]}}