{"id":92816,"date":"2023-11-06T17:05:15","date_gmt":"2023-11-06T17:05:15","guid":{"rendered":"https:\/\/enblancoynegro.com.mx\/?p=92816"},"modified":"2023-11-06T17:05:15","modified_gmt":"2023-11-06T17:05:15","slug":"misterio-resuelto-se-revela-el-nombre-de-la-hija-de-christian-nodal-y-cazzu","status":"publish","type":"post","link":"https:\/\/magiadigital933.com.mx\/index.php\/2023\/11\/06\/misterio-resuelto-se-revela-el-nombre-de-la-hija-de-christian-nodal-y-cazzu\/","title":{"rendered":"Misterio resuelto, se revela el nombre de la hija de Christian Nodal y Cazzu"},"content":{"rendered":"\n<p>Christian Nodal y Cazzu se convirtieron en pap\u00e1s el pasado 14 de septiembre, noticia que compartieron con una tierna foto que los cantantes compartieron en sus respectivas redes sociales. En ese momento, los cantantes compartieron una fotografia en blanco y negro en la que aparece la mano de Cazzu sosteniendo la manita de la beb\u00e9, mientras que la mano de Nodal esta recargada en uno de sus piecitos. La foto fue acompa\u00f1ada con la fecha de nacimiento de la ni\u00f1a: 14.09.23.<\/p>\n\n\n\n<p>Desde el nacimiento de su beb\u00e9, tanto Christian Nodal como Cazzu han resguardado la identidad de la reci\u00e9n nacida, por lo que han evitado mostrar su carita en las fotograf\u00edas que han compartido en redes sociales y tambi\u00e9n han mantenido en secreto el nombre que eligieron para su primog\u00e9nita. Sin embargo, a casi dos meses del nacimiento de la beb\u00e9, la abuela paterna de la ni\u00f1a confirm\u00f3 las especulaciones que el cantante de m\u00fasica regional mexicana hab\u00eda desatado hace un mes. Cristy Nodal, la mam\u00e1 de Christian Nodal , utiliz\u00f3 su cuenta oficial de Instagram para compartir una serie de fotograf\u00edas del primer Halloween junto a sus nietos. La mam\u00e1 de Nodal mostr\u00f3 lo feliz que estaba de poder pasar la festividad junto al beb\u00e9 de su hija Amely y a la hija de Christian y Cazzu , por lo que comparti\u00f3 una imagen con dos calaveritas en las que se ven los nombres de los peque\u00f1os: Amel e Inti .<\/p>\n\n\n\n<figure class=\"wp-block-image size-full\"><img decoding=\"async\" src=\"https:\/\/enblancoynegro.com.mx\/wp-content\/uploads\/2023\/11\/CAZZU1.png\" alt=\"\" class=\"wp-image-92820\"\/><\/figure>\n\n\n\n<p>La foto confirmar\u00eda el rumor que circul\u00f3 a principios de octubre pasado, cuando el int\u00e9rprete de Botella tras botella empez\u00f3 a usar una cadena con un dije con la palabra \u2018Inti\u2019, hecho que ahora se sabe realiz\u00f3 en honor a su primera hija. En la civilizaci\u00f3n Inca, el dios sol Inti fue una de las deidades m\u00e1s importantes del pante\u00f3n inca. Se cre\u00eda que era hijo de Viracocha, el dios creador, y se dec\u00eda que era el portador de la vida y la luz. Tras destaparse que la hija de Christian Nodal y Cazzu se llama Inti, sali\u00f3 a la luz una entrevista que concedi\u00f3 la cantante argentina en la que destac\u00f3 el peculiar nombre que Nodal quer\u00eda que su hija llevara. \u201cTen\u00edamos algunas opciones, pero no tantas. \u00c9l ten\u00eda un chiste, quer\u00eda que se llamara Miel, entonces a veces hac\u00eda el chiste de acercarse a m\u00ed, tocarme la panza y decirle: \u2018Miel est\u00e1s ah\u00ed y bueno, no se llama Miel, pero s\u00ed sucedi\u00f3\u201d, revel\u00f3 Cazz en ese entonces.<\/p>\n\n\n\n<p><\/p>\n\n\n\n<figure class=\"wp-block-image size-full\"><img decoding=\"async\" src=\"https:\/\/enblancoynegro.com.mx\/wp-content\/uploads\/2023\/11\/CAZZU3.png\" alt=\"\" class=\"wp-image-92822\"\/><\/figure>\n","protected":false},"excerpt":{"rendered":"<p>Christian Nodal y Cazzu se convirtieron en pap\u00e1s el pasado 14 de septiembre, noticia que compartieron con una tierna foto que los cantantes compartieron en sus respectivas redes sociales. En ese momento, los cantantes compartieron una fotografia en blanco y negro en la que aparece la mano de Cazzu sosteniendo la manita de la beb\u00e9, &hellip;<\/p>\n<p class=\"read-more\"> <a class=\"\" href=\"https:\/\/magiadigital933.com.mx\/index.php\/2023\/11\/06\/misterio-resuelto-se-revela-el-nombre-de-la-hija-de-christian-nodal-y-cazzu\/\"> <span class=\"screen-reader-text\">Misterio resuelto, se revela el nombre de la hija de Christian Nodal y Cazzu<\/span> Leer m\u00e1s &raquo;<\/a><\/p>\n","protected":false},"author":7,"featured_media":92820,"comment_status":"closed","ping_status":"closed","sticky":false,"template":"","format":"standard","meta":{"site-sidebar-layout":"default","site-content-layout":"","ast-site-content-layout":"default","site-content-style":"default","site-sidebar-style":"default","ast-global-header-display":"","ast-banner-title-visibility":"","ast-main-header-display":"","ast-hfb-above-header-display":"","ast-hfb-below-header-display":"","ast-hfb-mobile-header-display":"","site-post-title":"","ast-breadcrumbs-content":"","ast-featured-img":"","footer-sml-layout":"","theme-transparent-header-meta":"","adv-header-id-meta":"","stick-header-meta":"","header-above-stick-meta":"","header-main-stick-meta":"","header-below-stick-meta":"","astra-migrate-meta-layouts":"set","footnotes":""},"categories":[33,36,34,35],"tags":[],"_links":{"self":[{"href":"https:\/\/magiadigital933.com.mx\/index.php\/wp-json\/wp\/v2\/posts\/92816"}],"collection":[{"href":"https:\/\/magiadigital933.com.mx\/index.php\/wp-json\/wp\/v2\/posts"}],"about":[{"href":"https:\/\/magiadigital933.com.mx\/index.php\/wp-json\/wp\/v2\/types\/post"}],"author":[{"embeddable":true,"href":"https:\/\/magiadigital933.com.mx\/index.php\/wp-json\/wp\/v2\/users\/7"}],"replies":[{"embeddable":true,"href":"https:\/\/magiadigital933.com.mx\/index.php\/wp-json\/wp\/v2\/comments?post=92816"}],"version-history":[{"count":1,"href":"https:\/\/magiadigital933.com.mx\/index.php\/wp-json\/wp\/v2\/posts\/92816\/revisions"}],"predecessor-version":[{"id":92817,"href":"https:\/\/magiadigital933.com.mx\/index.php\/wp-json\/wp\/v2\/posts\/92816\/revisions\/92817"}],"wp:featuredmedia":[{"embeddable":true,"href":"https:\/\/magiadigital933.com.mx\/index.php\/wp-json\/wp\/v2\/media\/92820"}],"wp:attachment":[{"href":"https:\/\/magiadigital933.com.mx\/index.php\/wp-json\/wp\/v2\/media?parent=92816"}],"wp:term":[{"taxonomy":"category","embeddable":true,"href":"https:\/\/magiadigital933.com.mx\/index.php\/wp-json\/wp\/v2\/categories?post=92816"},{"taxonomy":"post_tag","embeddable":true,"href":"https:\/\/magiadigital933.com.mx\/index.php\/wp-json\/wp\/v2\/tags?post=92816"}],"curies":[{"name":"wp","href":"https:\/\/api.w.org\/{rel}","templated":true}]}}