{"id":97016,"date":"2023-11-27T18:11:40","date_gmt":"2023-11-27T18:11:40","guid":{"rendered":"https:\/\/enblancoynegro.com.mx\/?p=97016"},"modified":"2023-11-27T18:11:41","modified_gmt":"2023-11-27T18:11:41","slug":"homenaje-de-francisco-el-gallo-elizalde-a-valentin-elizalde-a-17-anos-de-su-muerte","status":"publish","type":"post","link":"https:\/\/magiadigital933.com.mx\/index.php\/2023\/11\/27\/homenaje-de-francisco-el-gallo-elizalde-a-valentin-elizalde-a-17-anos-de-su-muerte\/","title":{"rendered":"Homenaje de Francisco &#8220;El Gallo&#8221; Elizalde a Valent\u00edn Elizalde a 17 A\u00f1os de su Muerte"},"content":{"rendered":"\n<p>El cantante Francisco &#8220;El Gallo&#8221; Elizalde, hermano de Valent\u00edn Elizalde, rindi\u00f3 un sentido homenaje al Gallo de Oro en el aniversario de su fallecimiento, que se cumpli\u00f3 17 a\u00f1os el 25 de noviembre de 2023. Valent\u00edn Elizalde, conocido por \u00e9xitos como &#8220;Vete Ya&#8221;, perdi\u00f3 la vida en un tr\u00e1gico evento en Reynosa en 2006.<\/p>\n\n\n\n<p>En este homenaje, Francisco comparti\u00f3 una canci\u00f3n dedicada a su hermano y record\u00f3 a su padre, Lalo &#8220;El Gallo Grande&#8221; Elizalde. En redes sociales, expres\u00f3 su a\u00f1oranza por su padre y la falta que le hace, destacando el deseo de que pudiera ver los logros de sus hijos y la importancia del apellido Elizalde en la m\u00fasica.<\/p>\n\n\n\n<figure class=\"wp-block-image size-full\"><img decoding=\"async\" src=\"https:\/\/enblancoynegro.com.mx\/wp-content\/uploads\/2023\/11\/VQLE2.png\" alt=\"\" class=\"wp-image-97019\"\/><\/figure>\n\n\n\n<p>El mensaje de Francisco Elizalde tambi\u00e9n incluy\u00f3 recuerdos visuales, como im\u00e1genes, videos e historias que celebraban la memoria de Valent\u00edn Elizalde. El homenaje recibi\u00f3 comentarios positivos por parte de los seguidores, quienes expresaron su aprecio y respeto por la figura del Gallo de Oro.<\/p>\n\n\n\n<p>La m\u00fasica regional mexicana y el legado de Valent\u00edn Elizalde contin\u00faan siendo recordados y apreciados por sus fans, y eventos como este homenaje contribuyen a mantener viva la memoria del talentoso cantante.<\/p>\n","protected":false},"excerpt":{"rendered":"<p>El cantante Francisco &#8220;El Gallo&#8221; Elizalde, hermano de Valent\u00edn Elizalde, rindi\u00f3 un sentido homenaje al Gallo de Oro en el aniversario de su fallecimiento, que se cumpli\u00f3 17 a\u00f1os el 25 de noviembre de 2023. Valent\u00edn Elizalde, conocido por \u00e9xitos como &#8220;Vete Ya&#8221;, perdi\u00f3 la vida en un tr\u00e1gico evento en Reynosa en 2006. En &hellip;<\/p>\n<p class=\"read-more\"> <a class=\"\" href=\"https:\/\/magiadigital933.com.mx\/index.php\/2023\/11\/27\/homenaje-de-francisco-el-gallo-elizalde-a-valentin-elizalde-a-17-anos-de-su-muerte\/\"> <span class=\"screen-reader-text\">Homenaje de Francisco &#8220;El Gallo&#8221; Elizalde a Valent\u00edn Elizalde a 17 A\u00f1os de su Muerte<\/span> Leer m\u00e1s &raquo;<\/a><\/p>\n","protected":false},"author":7,"featured_media":97026,"comment_status":"closed","ping_status":"closed","sticky":false,"template":"","format":"standard","meta":{"site-sidebar-layout":"default","site-content-layout":"","ast-site-content-layout":"default","site-content-style":"default","site-sidebar-style":"default","ast-global-header-display":"","ast-banner-title-visibility":"","ast-main-header-display":"","ast-hfb-above-header-display":"","ast-hfb-below-header-display":"","ast-hfb-mobile-header-display":"","site-post-title":"","ast-breadcrumbs-content":"","ast-featured-img":"","footer-sml-layout":"","theme-transparent-header-meta":"","adv-header-id-meta":"","stick-header-meta":"","header-above-stick-meta":"","header-main-stick-meta":"","header-below-stick-meta":"","astra-migrate-meta-layouts":"set","footnotes":""},"categories":[33,36,34,35],"tags":[],"_links":{"self":[{"href":"https:\/\/magiadigital933.com.mx\/index.php\/wp-json\/wp\/v2\/posts\/97016"}],"collection":[{"href":"https:\/\/magiadigital933.com.mx\/index.php\/wp-json\/wp\/v2\/posts"}],"about":[{"href":"https:\/\/magiadigital933.com.mx\/index.php\/wp-json\/wp\/v2\/types\/post"}],"author":[{"embeddable":true,"href":"https:\/\/magiadigital933.com.mx\/index.php\/wp-json\/wp\/v2\/users\/7"}],"replies":[{"embeddable":true,"href":"https:\/\/magiadigital933.com.mx\/index.php\/wp-json\/wp\/v2\/comments?post=97016"}],"version-history":[{"count":1,"href":"https:\/\/magiadigital933.com.mx\/index.php\/wp-json\/wp\/v2\/posts\/97016\/revisions"}],"predecessor-version":[{"id":97023,"href":"https:\/\/magiadigital933.com.mx\/index.php\/wp-json\/wp\/v2\/posts\/97016\/revisions\/97023"}],"wp:featuredmedia":[{"embeddable":true,"href":"https:\/\/magiadigital933.com.mx\/index.php\/wp-json\/wp\/v2\/media\/97026"}],"wp:attachment":[{"href":"https:\/\/magiadigital933.com.mx\/index.php\/wp-json\/wp\/v2\/media?parent=97016"}],"wp:term":[{"taxonomy":"category","embeddable":true,"href":"https:\/\/magiadigital933.com.mx\/index.php\/wp-json\/wp\/v2\/categories?post=97016"},{"taxonomy":"post_tag","embeddable":true,"href":"https:\/\/magiadigital933.com.mx\/index.php\/wp-json\/wp\/v2\/tags?post=97016"}],"curies":[{"name":"wp","href":"https:\/\/api.w.org\/{rel}","templated":true}]}}