{"id":98532,"date":"2023-12-04T21:16:00","date_gmt":"2023-12-04T21:16:00","guid":{"rendered":"https:\/\/enblancoynegro.com.mx\/?p=98532"},"modified":"2023-12-04T21:16:01","modified_gmt":"2023-12-04T21:16:01","slug":"eduin-caz-genera-revuelo-por-su-apariencia-con-algunos-kilos-de-mas","status":"publish","type":"post","link":"https:\/\/magiadigital933.com.mx\/index.php\/2023\/12\/04\/eduin-caz-genera-revuelo-por-su-apariencia-con-algunos-kilos-de-mas\/","title":{"rendered":"Eduin Caz Genera Revuelo por su Apariencia con Algunos Kilos de M\u00e1s"},"content":{"rendered":"\n<p>Eduin Caz, vocalista de Grupo Firme, ha llamado la atenci\u00f3n de sus fans al aparecer en un video con un ba\u00f1ador, mostrando una apariencia f\u00edsica diferente, caracterizada por unos kilos de m\u00e1s. La sorpresa entre los internautas se debe a que el cantante sol\u00eda ser conocido por su enfoque en el fitness.<\/p>\n\n\n\n<p>Eduin Caz hab\u00eda mantenido una imagen enfocada en su estado f\u00edsico mientras Grupo Firme ganaba fama internacional. Sin embargo, desde que se tom\u00f3 un descanso de la m\u00fasica para centrarse en su vida personal, parece haber dejado atr\u00e1s su dedicaci\u00f3n al mundo fitness.<\/p>\n\n\n\n<p>Las redes sociales reaccionaron con diversos comentarios, algunos expresando sorpresa y otros haciendo observaciones humor\u00edsticas sobre el cambio en la apariencia del cantante. Mientras algunos elogian la autenticidad y naturalidad de su aspecto, otros dejan comentarios jocosos sobre su nueva apariencia.<\/p>\n\n\n\n<p>Cabe destacar que, adem\u00e1s de las reacciones sobre su f\u00edsico, los fans tambi\u00e9n han mostrado inter\u00e9s en la vida personal de Eduin Caz, especialmente en su relaci\u00f3n con Daisy Anahy, ya que se les ha visto juntos en varios eventos recientes. Esto ha generado especulaciones sobre si han retomado su relaci\u00f3n despu\u00e9s de que Eduin mencionara previamente que ya no estaba con la madre de sus hijos.<\/p>\n\n\n\n<figure class=\"wp-block-image size-full is-resized\"><img decoding=\"async\" src=\"https:\/\/enblancoynegro.com.mx\/wp-content\/uploads\/2023\/12\/CAZ2.png\" alt=\"\" class=\"wp-image-98535\" style=\"aspect-ratio:1.4764542936288088;width:843px;height:auto\"\/><\/figure>\n","protected":false},"excerpt":{"rendered":"<p>Eduin Caz, vocalista de Grupo Firme, ha llamado la atenci\u00f3n de sus fans al aparecer en un video con un ba\u00f1ador, mostrando una apariencia f\u00edsica diferente, caracterizada por unos kilos de m\u00e1s. La sorpresa entre los internautas se debe a que el cantante sol\u00eda ser conocido por su enfoque en el fitness. Eduin Caz hab\u00eda &hellip;<\/p>\n<p class=\"read-more\"> <a class=\"\" href=\"https:\/\/magiadigital933.com.mx\/index.php\/2023\/12\/04\/eduin-caz-genera-revuelo-por-su-apariencia-con-algunos-kilos-de-mas\/\"> <span class=\"screen-reader-text\">Eduin Caz Genera Revuelo por su Apariencia con Algunos Kilos de M\u00e1s<\/span> Leer m\u00e1s &raquo;<\/a><\/p>\n","protected":false},"author":7,"featured_media":98537,"comment_status":"closed","ping_status":"closed","sticky":false,"template":"","format":"standard","meta":{"site-sidebar-layout":"default","site-content-layout":"","ast-site-content-layout":"default","site-content-style":"default","site-sidebar-style":"default","ast-global-header-display":"","ast-banner-title-visibility":"","ast-main-header-display":"","ast-hfb-above-header-display":"","ast-hfb-below-header-display":"","ast-hfb-mobile-header-display":"","site-post-title":"","ast-breadcrumbs-content":"","ast-featured-img":"","footer-sml-layout":"","theme-transparent-header-meta":"","adv-header-id-meta":"","stick-header-meta":"","header-above-stick-meta":"","header-main-stick-meta":"","header-below-stick-meta":"","astra-migrate-meta-layouts":"set","footnotes":""},"categories":[33,36,34,35],"tags":[],"_links":{"self":[{"href":"https:\/\/magiadigital933.com.mx\/index.php\/wp-json\/wp\/v2\/posts\/98532"}],"collection":[{"href":"https:\/\/magiadigital933.com.mx\/index.php\/wp-json\/wp\/v2\/posts"}],"about":[{"href":"https:\/\/magiadigital933.com.mx\/index.php\/wp-json\/wp\/v2\/types\/post"}],"author":[{"embeddable":true,"href":"https:\/\/magiadigital933.com.mx\/index.php\/wp-json\/wp\/v2\/users\/7"}],"replies":[{"embeddable":true,"href":"https:\/\/magiadigital933.com.mx\/index.php\/wp-json\/wp\/v2\/comments?post=98532"}],"version-history":[{"count":1,"href":"https:\/\/magiadigital933.com.mx\/index.php\/wp-json\/wp\/v2\/posts\/98532\/revisions"}],"predecessor-version":[{"id":98534,"href":"https:\/\/magiadigital933.com.mx\/index.php\/wp-json\/wp\/v2\/posts\/98532\/revisions\/98534"}],"wp:featuredmedia":[{"embeddable":true,"href":"https:\/\/magiadigital933.com.mx\/index.php\/wp-json\/wp\/v2\/media\/98537"}],"wp:attachment":[{"href":"https:\/\/magiadigital933.com.mx\/index.php\/wp-json\/wp\/v2\/media?parent=98532"}],"wp:term":[{"taxonomy":"category","embeddable":true,"href":"https:\/\/magiadigital933.com.mx\/index.php\/wp-json\/wp\/v2\/categories?post=98532"},{"taxonomy":"post_tag","embeddable":true,"href":"https:\/\/magiadigital933.com.mx\/index.php\/wp-json\/wp\/v2\/tags?post=98532"}],"curies":[{"name":"wp","href":"https:\/\/api.w.org\/{rel}","templated":true}]}}