{"id":99343,"date":"2023-12-08T19:02:45","date_gmt":"2023-12-08T19:02:45","guid":{"rendered":"https:\/\/enblancoynegro.com.mx\/?p=99343"},"modified":"2023-12-08T19:02:46","modified_gmt":"2023-12-08T19:02:46","slug":"ex-novia-de-christian-nodal-asiste-a-su-concierto-en-primera-fila-donde-estaba-cazzu","status":"publish","type":"post","link":"https:\/\/magiadigital933.com.mx\/index.php\/2023\/12\/08\/ex-novia-de-christian-nodal-asiste-a-su-concierto-en-primera-fila-donde-estaba-cazzu\/","title":{"rendered":"Ex novia de Christian Nodal, asiste a su concierto en primera fila \u00bfD\u00f3nde estaba Cazzu?"},"content":{"rendered":"\n<p>La modelo Mariana Garc\u00eda, quien fue se\u00f1alada como la posible causa de la ruptura entre Christian Nodal y Belinda, sorprendi\u00f3 a todos al asistir al concierto del cantante de regional mexicano en el Palenque de la Feria Ganadera 2023 de Culiac\u00e1n, Sinaloa.<\/p>\n\n\n\n<p>Garc\u00eda, quien es originaria de esa ciudad, se ubic\u00f3 en uno de los lugares VIP del evento, muy cerca del escenario, y comparti\u00f3 varios videos en sus redes sociales cantando las canciones de Nodal, entre ellas \u2018Amor t\u00f3xico\u2019, de la cual ella es la protagonista del videoclip oficial.<\/p>\n\n\n\n<p>La presencia de la modelo en el concierto de Nodal caus\u00f3 revuelo en las redes sociales, donde muchos usuarios especularon sobre la relaci\u00f3n entre ambos, que se conoce desde el 2020, pero que nunca se hizo p\u00fablica.<\/p>\n\n\n\n<figure class=\"wp-block-image size-full\"><img decoding=\"async\" src=\"https:\/\/enblancoynegro.com.mx\/wp-content\/uploads\/2023\/12\/nodal1.png\" alt=\"\" class=\"wp-image-99345\"\/><\/figure>\n\n\n\n<p>Algunos comentaron que Nodal la hab\u00eda invitado y que era muy caballero, otros que esos amores nunca terminan, y otros que el cantante le hab\u00eda sido infiel a su actual pareja, la cantante argentina Cazzu, quien no estuvo presente en el concierto, pues se encuentra de vacaciones en Europa junto a su hija.<\/p>\n\n\n\n<p>Nodal y Garc\u00eda fueron captados juntos en varias ocasiones despu\u00e9s de que el cantante terminara su relaci\u00f3n con Belinda, en 2022, saliendo de la mano en un aeropuerto en Honduras y en algunos conciertos juntos.<\/p>\n\n\n\n<p>Sin embargo, el cantante siempre decidi\u00f3 mantener en privado dicha relaci\u00f3n y en una ocasi\u00f3n mencion\u00f3 que \u201cesas cosas eran privadas\u201d, cuando se le cuestion\u00f3 sobre su supuesto noviazgo con Mariana.<\/p>\n","protected":false},"excerpt":{"rendered":"<p>La modelo Mariana Garc\u00eda, quien fue se\u00f1alada como la posible causa de la ruptura entre Christian Nodal y Belinda, sorprendi\u00f3 a todos al asistir al concierto del cantante de regional mexicano en el Palenque de la Feria Ganadera 2023 de Culiac\u00e1n, Sinaloa. Garc\u00eda, quien es originaria de esa ciudad, se ubic\u00f3 en uno de los &hellip;<\/p>\n<p class=\"read-more\"> <a class=\"\" href=\"https:\/\/magiadigital933.com.mx\/index.php\/2023\/12\/08\/ex-novia-de-christian-nodal-asiste-a-su-concierto-en-primera-fila-donde-estaba-cazzu\/\"> <span class=\"screen-reader-text\">Ex novia de Christian Nodal, asiste a su concierto en primera fila \u00bfD\u00f3nde estaba Cazzu?<\/span> Leer m\u00e1s &raquo;<\/a><\/p>\n","protected":false},"author":7,"featured_media":99369,"comment_status":"closed","ping_status":"closed","sticky":false,"template":"","format":"standard","meta":{"site-sidebar-layout":"default","site-content-layout":"","ast-site-content-layout":"default","site-content-style":"default","site-sidebar-style":"default","ast-global-header-display":"","ast-banner-title-visibility":"","ast-main-header-display":"","ast-hfb-above-header-display":"","ast-hfb-below-header-display":"","ast-hfb-mobile-header-display":"","site-post-title":"","ast-breadcrumbs-content":"","ast-featured-img":"","footer-sml-layout":"","theme-transparent-header-meta":"","adv-header-id-meta":"","stick-header-meta":"","header-above-stick-meta":"","header-main-stick-meta":"","header-below-stick-meta":"","astra-migrate-meta-layouts":"set","footnotes":""},"categories":[33,36,34,35],"tags":[],"_links":{"self":[{"href":"https:\/\/magiadigital933.com.mx\/index.php\/wp-json\/wp\/v2\/posts\/99343"}],"collection":[{"href":"https:\/\/magiadigital933.com.mx\/index.php\/wp-json\/wp\/v2\/posts"}],"about":[{"href":"https:\/\/magiadigital933.com.mx\/index.php\/wp-json\/wp\/v2\/types\/post"}],"author":[{"embeddable":true,"href":"https:\/\/magiadigital933.com.mx\/index.php\/wp-json\/wp\/v2\/users\/7"}],"replies":[{"embeddable":true,"href":"https:\/\/magiadigital933.com.mx\/index.php\/wp-json\/wp\/v2\/comments?post=99343"}],"version-history":[{"count":1,"href":"https:\/\/magiadigital933.com.mx\/index.php\/wp-json\/wp\/v2\/posts\/99343\/revisions"}],"predecessor-version":[{"id":99367,"href":"https:\/\/magiadigital933.com.mx\/index.php\/wp-json\/wp\/v2\/posts\/99343\/revisions\/99367"}],"wp:featuredmedia":[{"embeddable":true,"href":"https:\/\/magiadigital933.com.mx\/index.php\/wp-json\/wp\/v2\/media\/99369"}],"wp:attachment":[{"href":"https:\/\/magiadigital933.com.mx\/index.php\/wp-json\/wp\/v2\/media?parent=99343"}],"wp:term":[{"taxonomy":"category","embeddable":true,"href":"https:\/\/magiadigital933.com.mx\/index.php\/wp-json\/wp\/v2\/categories?post=99343"},{"taxonomy":"post_tag","embeddable":true,"href":"https:\/\/magiadigital933.com.mx\/index.php\/wp-json\/wp\/v2\/tags?post=99343"}],"curies":[{"name":"wp","href":"https:\/\/api.w.org\/{rel}","templated":true}]}}